{"id":9071,"date":"2022-01-05T09:17:00","date_gmt":"2022-01-05T11:17:00","guid":{"rendered":"http:\/\/www.toque-musicall.com\/?p=9071"},"modified":"2022-01-07T09:19:58","modified_gmt":"2022-01-07T11:19:58","slug":"geraldo-vandre-1968-2","status":"publish","type":"post","link":"https:\/\/www.toque-musicall.com\/?p=9071","title":{"rendered":"Geraldo Vandr\u00e9 (1968)"},"content":{"rendered":"\n<figure class=\"wp-block-image size-large\"><img decoding=\"async\" src=\"https:\/\/blogger.googleusercontent.com\/img\/a\/AVvXsEhjp1CaCNcmD9RNEncjzvF7NfxVC4ZaUB6xgOiOBeWkFD31h7rP0NYpklzXdj_7mIb4wB4uSLqMJnwy7X6GFKCmpYyec7QdadowE7SY43Z7zqP3p0mNPrxXgz5K74UQLbliQouW2wLfaHhuTMniPTTJoXUAY4uYXYgWg9t1Wg4btP2itcG2MDskuHta6g=w636-h640\" alt=\"\"\/><\/figure>\n\n\n\n<figure class=\"wp-block-image size-large\"><img decoding=\"async\" src=\"https:\/\/blogger.googleusercontent.com\/img\/a\/AVvXsEj_Q9M-i6DEwtmIryr9zMhw6nVpuCNrz7G6b3OKwQ2QWJZvjDZci-EvNQk7TDZ5-tQ5UqWqOcn0y9lq3MadLmLQHfSaANnCr7JHVsT44Odl2unfXZddZjJ0JViuUZNM3OZZK9j2VZ2FxR6HGDep26272p4ffYjU93biY2sVBL3hqUOItMcSK2m-EMqd4w=w638-h640\" alt=\"\"\/><\/figure>\n\n\n<div class=\"separator\">Boa hora a todos, amigos cultos e ocultos! Em outros momentos, aqui no nosso Toque Musical, fizemos uma s\u00e9rie de postagens de compactos, nas quais ao inv\u00e9s de um, postamos em grupos de quatro ou mais disquinhos, que acabaram se misturando numa coisa s\u00f3, como se fosse uma colet\u00e2nea. Assim, achei por bem trazer alguns deles de volta em postagem individual e tamb\u00e9m para que pud\u00e9ssemos\u00a0 organizar melhor as coisas por aqui&#8230;<\/div>\n<div class=\"separator\">Temos ent\u00e3o para hoje este compacto do Geraldo Vandr\u00e9. Lan\u00e7ado pelo selo Som Maior, em 1968, o disquinho de sete polegadas chegou a ser censurado por conta da emblem\u00e1tica can\u00e7\u00e3o &#8220;Pra n\u00e3o dizer que n\u00e3o falei de flores&#8221;, tamb\u00e9m conhecida como &#8220;Caminhando&#8221;. Aqui, neste compacto, temos a grava\u00e7\u00e3o ao vivo feita no Festival Internacional da Can\u00e7\u00e3o de 1968, promovido pela Rede Globo. A can\u00e7\u00e3o, defendida pelo pr\u00f3prio cantor, era a favorita do p\u00fablico e tamb\u00e9m da maioria dos jurados, mas acabou ficando em segundo, dando lugar a &#8220;Sabi\u00e1&#8221;, m\u00fasica de Chico Buarque e Tom Jobim. Contam que houve uma interven\u00e7\u00e3o do governo militar da \u00e9poca, que n\u00e3o admitiu que a m\u00fasica favorita chegasse ao primeiro lugar. N\u00e3o fosse pela press\u00e3o popular, talvez n\u00e3o tivesse ficado nem em segundo. A noite de premia\u00e7\u00e3o foi revoltante, o p\u00fablico vaiou Cynara e Cybele (do Quarteto em Cy) que defendiam a m\u00fasica &#8220;Sabi\u00e1&#8221;. Houve brigas e quebra-quebra e no final &#8220;Caminhando&#8221; acabou sendo\u00a0 censurada por onze anos e nem entrou nos discos oficiais do festival. Por certo, o momento e a grava\u00e7\u00e3o ficou na mem\u00f3ria do povo e a can\u00e7\u00e3o se tornou um hino da resist\u00eancia ao regime militar. Chegou a ser regravada, inclusive por outros artistas e diante a tudo isso, os &#8216;milicos&#8217; acharam de apagar a m\u00fasica da mem\u00f3ria brasileira, pois at\u00e9 o mais idiota conseguiria entender o recado da can\u00e7\u00e3o. Hoje em dia, percebo que o mais idiota ainda estava para nascer, basta olhar a que ponto chegamos, com insanos pedindo a volta do regime militar, \u00e9 mole? Mas, enfim, temos aqui um compacto de respeito, hist\u00f3rico, merecedor de um lugar de destaque na estante de um verdadeiro colecionador. Porque raridade n\u00e3o \u00e9 s\u00f3 disco de bossa nova, rock e aquilo que \u00e9 caro no Mercado Livre e Discogs. Fico realmente impressionado com o descaso para os discos do Vandr\u00e9. Acho que \u00e9 mesmo por falta de conhecimento, de ouvir direito a produ\u00e7\u00e3o fonogr\u00e1fica deste artista. E a isso eu me refiro n\u00e3o apenas a sua arte, mas tamb\u00e9m a toda a produ\u00e7\u00e3o, envolvendo a participa\u00e7\u00e3o inclusive de outros artistas de qualidade. Os discos de Geraldo Vandr\u00e9 s\u00e3o simplesmente maravilhosos. E antes que eu me esque\u00e7a, ainda temos outra p\u00e9rola, a can\u00e7\u00e3o &#8220;Se a tristeza chegar&#8221;, composi\u00e7\u00e3o em parceria com Baden Powell, que saiu em seu disco &#8220;5 Anos de Can\u00e7\u00e3o&#8221;, de 1966. Vamos conferir essa joinha? \ud83d\ude42<\/div>\n<div class=\"separator\">\u00a0<\/div>\n<div class=\"separator\">pra n\u00e3o dizer que n\u00e3o falei de flores<\/div>\n<div class=\"separator\">se a tristeza chegar<\/div>\n<div class=\"separator\">\u00a0<\/div>\n<div class=\"separator\">\u00a0<\/div>\n<div class=\"separator\">\u00a0<\/div>\n<div class=\"separator\">.<\/div>","protected":false},"excerpt":{"rendered":"<p>Boa hora a todos, amigos cultos e ocultos! Em outros momentos, aqui no nosso Toque Musical, fizemos uma s\u00e9rie de postagens de compactos, nas quais ao inv\u00e9s de um, postamos em grupos de quatro ou mais disquinhos, que acabaram se &hellip; <a href=\"https:\/\/www.toque-musicall.com\/?p=9071\">Continue lendo <span class=\"meta-nav\">&rarr;<\/span><\/a><\/p>\n","protected":false},"author":1,"featured_media":0,"comment_status":"closed","ping_status":"closed","sticky":false,"template":"","format":"standard","meta":{"footnotes":""},"categories":[93,258,2178],"tags":[3072,4935,3178],"class_list":["post-9071","post","type-post","status-publish","format-standard","hentry","category-compactos","category-geraldo-vandre","category-selo-som-maior","tag-compactos","tag-geraldo-vandre","tag-selo-som-maior"],"_links":{"self":[{"href":"https:\/\/www.toque-musicall.com\/index.php?rest_route=\/wp\/v2\/posts\/9071","targetHints":{"allow":["GET"]}}],"collection":[{"href":"https:\/\/www.toque-musicall.com\/index.php?rest_route=\/wp\/v2\/posts"}],"about":[{"href":"https:\/\/www.toque-musicall.com\/index.php?rest_route=\/wp\/v2\/types\/post"}],"author":[{"embeddable":true,"href":"https:\/\/www.toque-musicall.com\/index.php?rest_route=\/wp\/v2\/users\/1"}],"replies":[{"embeddable":true,"href":"https:\/\/www.toque-musicall.com\/index.php?rest_route=%2Fwp%2Fv2%2Fcomments&post=9071"}],"version-history":[{"count":1,"href":"https:\/\/www.toque-musicall.com\/index.php?rest_route=\/wp\/v2\/posts\/9071\/revisions"}],"predecessor-version":[{"id":9072,"href":"https:\/\/www.toque-musicall.com\/index.php?rest_route=\/wp\/v2\/posts\/9071\/revisions\/9072"}],"wp:attachment":[{"href":"https:\/\/www.toque-musicall.com\/index.php?rest_route=%2Fwp%2Fv2%2Fmedia&parent=9071"}],"wp:term":[{"taxonomy":"category","embeddable":true,"href":"https:\/\/www.toque-musicall.com\/index.php?rest_route=%2Fwp%2Fv2%2Fcategories&post=9071"},{"taxonomy":"post_tag","embeddable":true,"href":"https:\/\/www.toque-musicall.com\/index.php?rest_route=%2Fwp%2Fv2%2Ftags&post=9071"}],"curies":[{"name":"wp","href":"https:\/\/api.w.org\/{rel}","templated":true}]}}