{"id":9073,"date":"2022-01-06T10:33:00","date_gmt":"2022-01-06T12:33:00","guid":{"rendered":"https:\/\/www.toque-musicall.com\/?p=9073"},"modified":"2022-01-07T10:44:37","modified_gmt":"2022-01-07T12:44:37","slug":"gonzaguinha-vocalistas-modernos-1973","status":"publish","type":"post","link":"https:\/\/www.toque-musicall.com\/?p=9073","title":{"rendered":"Gonzaguinha &#8211; Vocalistas Modernos (1973)"},"content":{"rendered":"\n<figure class=\"wp-block-image size-large\"><img decoding=\"async\" src=\"https:\/\/blogger.googleusercontent.com\/img\/a\/AVvXsEh7EkOjj8NihKkQeQhTAv2QRW1djToyc_JkFfWeyEkMzWbbylqh2JzdScpxGn9HkZ1sTRHWX4Yl9CM_FVqbTcsK7K-hNMIuQfZigqtC8gzqb9JiC7qha1dd27HlOp13Y2H93pJ3rbdARQtko6ei7hm1hD_ytMWU2MMuwl8HF3YpEtVuVWxxHkaQEQSYNw=w634-h640\" alt=\"\"\/><\/figure>\n\n\n\n<figure class=\"wp-block-image size-large\"><img decoding=\"async\" src=\"https:\/\/blogger.googleusercontent.com\/img\/a\/AVvXsEjbF_mBKz2cdULRVGaJ6vpxWFXqMXFitPZHdlZ6KomBqQzGoz3xqR_3JegMcNj-oHznqBHpXqdxODm4LV4yeZ6MRcfdMVTmoDJcD5ng4fDYTOAJ1eMK6FPQb3Fj4g2Djk3-xqmxJDqp_Eb1quieqSyK_vDM5hgowLFLkItHFlVl2qgSi3r180WzriNXtg=w640-h634\" alt=\"\"\/><\/figure>\n\n\n<div class=\"separator\">Boa quinta-feira, amigos cultos e ocultos! Pra n\u00e3o dizer que n\u00e3o falei de flores, vamos n\u00f3s mais uma vez pautando a can\u00e7\u00e3o. Ou melhor dizendo, aqui vamos n\u00f3s na resist\u00eancia, propagando o que querem esquecido, ou ainda, lembrando aos esquecidos&#8230; Temos aqui e mais uma vez a can\u00e7\u00e3o de Vandr\u00e9, &#8220;Pr\u00e1 n\u00e3o dizer que n\u00e3o falei de flores&#8221;, nesta, em uma interpreta\u00e7\u00e3o do lend\u00e1rio grupo vocal, Os Vocalistas Modernos e tamb\u00e9m, &#8220;Comportamento geral&#8221;, outra p\u00e9rola do nosso cancioneiro de resist\u00eancia e cr\u00edtica social, sempre atual\u00edssima, na voz de seu autor, Luiz Gonzaga Jr., o nosso Gonzaguinha. Coisa curiosa neste compacto, com direito a capinha ilustrada, \u00e9 o fato de nos selos apresentarem datas diferentes, uma pr\u00e1tica em discos da Odeon nos anos 70. Aqui, eles juntaram dois fonogramas de \u00e9pocas diferentes, Os Vocalistas Modernos s\u00e3o de 68 e o Gonzaguinha, de 72. E pelo que entendo, o disquinho foi lan\u00e7ado em 1973, o que contradiz a ideia de censura na m\u00fasica de Vandr\u00e9. Pelo jeito a Odeon conseguiu driblar os censores, ou algo assim&#8230;\u00a0<\/div>\n<div class=\"separator\">\u00a0<\/div>\n<div class=\"separator\">pra n\u00e3o dizer que n\u00e3o falei de flores &#8211; vocalistas modernos<\/div>\n<div class=\"separator\">comportamento geral &#8211; luiz gonzaga jr.<\/div>\n<div class=\"separator\">\u00a0<\/div>\n<div class=\"separator\">\u00a0<\/div>\n<div class=\"separator\">.<\/div>\n<div class=\"separator\">\u00a0<\/div>","protected":false},"excerpt":{"rendered":"<p>Boa quinta-feira, amigos cultos e ocultos! Pra n\u00e3o dizer que n\u00e3o falei de flores, vamos n\u00f3s mais uma vez pautando a can\u00e7\u00e3o. Ou melhor dizendo, aqui vamos n\u00f3s na resist\u00eancia, propagando o que querem esquecido, ou ainda, lembrando aos esquecidos&#8230; &hellip; <a href=\"https:\/\/www.toque-musicall.com\/?p=9073\">Continue lendo <span class=\"meta-nav\">&rarr;<\/span><\/a><\/p>\n","protected":false},"author":1,"featured_media":0,"comment_status":"closed","ping_status":"closed","sticky":false,"template":"","format":"standard","meta":{"footnotes":""},"categories":[93,784,4925,652,4936],"tags":[3072,4607,4926,4937,4938],"class_list":["post-9073","post","type-post","status-publish","format-standard","hentry","category-compactos","category-gonzaguinha","category-luiz-gonzaga-jr-2","category-os-vocalistas-modernos","category-selo-emi-odeon-3","tag-compactos","tag-gonzaguinha","tag-luiz-gonzaga-jr","tag-os-vocalistas-modernos","tag-selo-emi-odeon-4"],"_links":{"self":[{"href":"https:\/\/www.toque-musicall.com\/index.php?rest_route=\/wp\/v2\/posts\/9073","targetHints":{"allow":["GET"]}}],"collection":[{"href":"https:\/\/www.toque-musicall.com\/index.php?rest_route=\/wp\/v2\/posts"}],"about":[{"href":"https:\/\/www.toque-musicall.com\/index.php?rest_route=\/wp\/v2\/types\/post"}],"author":[{"embeddable":true,"href":"https:\/\/www.toque-musicall.com\/index.php?rest_route=\/wp\/v2\/users\/1"}],"replies":[{"embeddable":true,"href":"https:\/\/www.toque-musicall.com\/index.php?rest_route=%2Fwp%2Fv2%2Fcomments&post=9073"}],"version-history":[{"count":3,"href":"https:\/\/www.toque-musicall.com\/index.php?rest_route=\/wp\/v2\/posts\/9073\/revisions"}],"predecessor-version":[{"id":9076,"href":"https:\/\/www.toque-musicall.com\/index.php?rest_route=\/wp\/v2\/posts\/9073\/revisions\/9076"}],"wp:attachment":[{"href":"https:\/\/www.toque-musicall.com\/index.php?rest_route=%2Fwp%2Fv2%2Fmedia&parent=9073"}],"wp:term":[{"taxonomy":"category","embeddable":true,"href":"https:\/\/www.toque-musicall.com\/index.php?rest_route=%2Fwp%2Fv2%2Fcategories&post=9073"},{"taxonomy":"post_tag","embeddable":true,"href":"https:\/\/www.toque-musicall.com\/index.php?rest_route=%2Fwp%2Fv2%2Ftags&post=9073"}],"curies":[{"name":"wp","href":"https:\/\/api.w.org\/{rel}","templated":true}]}}