{"id":9079,"date":"2022-01-08T11:56:00","date_gmt":"2022-01-08T13:56:00","guid":{"rendered":"https:\/\/www.toque-musicall.com\/?p=9079"},"modified":"2022-01-10T11:59:06","modified_gmt":"2022-01-10T13:59:06","slug":"francisco-alves-com-orquestra-foi-ela-1960","status":"publish","type":"post","link":"https:\/\/www.toque-musicall.com\/?p=9079","title":{"rendered":"Francisco Alves Com Orquestra &#8211; Foi Ela (1960)"},"content":{"rendered":"\n<figure class=\"wp-block-image size-large\"><img decoding=\"async\" src=\"https:\/\/blogger.googleusercontent.com\/img\/a\/AVvXsEiHdD-bFoaMvBrIEgMHrAz0doFMfnTisN9iYBZhwp05FkdLqMt_cC7do27_w7rOVCbdrwS5pqMMwvqdGkAD55vztjUZOtLi3ZabmwmucNJ2_OgdQz9jV071laWnVZIoParbYfNcIiTZmEBFRrBouCC-cc-fmJvR6O1snNbgJqbZDYZPGN1pOtsyT2JNXg=w638-h640\" alt=\"\"\/><\/figure>\n\n\n\n<figure class=\"wp-block-image size-large\"><img decoding=\"async\" src=\"https:\/\/blogger.googleusercontent.com\/img\/a\/AVvXsEgyi9RdT8cno_Gcnu3FEyxCuBItIs6G_SCl9vTGVckEyi5hBwoyovv79lGHNvgBER5WegBx8EXJUnqgrlHhJjjCCgHEGM1Ghk4mRM87iOdva8187AD67iFclXwZ15NSp6L53GNhfup1xRW6wG7UYBdrBpwTrXfpX6rCPc58YayhlZsN5UdDYXNR7J6ERg=w638-h640\" alt=\"\"\/><\/figure>\n\n\n<div class=\"separator\">Bom dia, amigos cultos e ocultos! Hoje nosso encontro \u00e9 com o Chico Viola. Aqui temos um raro exemplar de um compacto, provavelmente lan\u00e7ado no final dos anos 50, talvez at\u00e9 em 1960, quando os disquinhos de sete polegadas come\u00e7aram a se popularizar por aqui. E sendo um dos primeiros, ele ainda era lan\u00e7ado em 45 rpm e trazia no selo aquele furo tipo estrela que permitia eliminar furinho para se usar o fur\u00e3o, t\u00edpico dos discos compactos importados. Este disco compacto duplo traz quatro can\u00e7\u00f5es que originalmente foram gravadas por Francisco Alves ainda nos anos 30 e voltariam a serem regravadas por ele na RCA Victor, em 1952, tr\u00eas dias antes do acidente que tiraria a sua vida. Portando, podemos considerar essas a suas \u00faltimas grava\u00e7\u00f5es e assim sendo, foram parar neste disquinho. Confiram no GTM&#8230;<\/div>\n<div class=\"separator\">\u00a0<\/div>\n<div class=\"separator\">foi ela<\/div>\n<div class=\"separator\">a mulher que ficou na ta\u00e7a<\/div>\n<div class=\"separator\">\u00e9 bom parar<\/div>\n<div class=\"separator\">serra da boa esperan\u00e7a<\/div>\n<div class=\"separator\">\u00a0<\/div>\n<div class=\"separator\">\u00a0<\/div>\n<div class=\"separator\">.<\/div>","protected":false},"excerpt":{"rendered":"<p>Bom dia, amigos cultos e ocultos! Hoje nosso encontro \u00e9 com o Chico Viola. Aqui temos um raro exemplar de um compacto, provavelmente lan\u00e7ado no final dos anos 50, talvez at\u00e9 em 1960, quando os disquinhos de sete polegadas come\u00e7aram &hellip; <a href=\"https:\/\/www.toque-musicall.com\/?p=9079\">Continue lendo <span class=\"meta-nav\">&rarr;<\/span><\/a><\/p>\n","protected":false},"author":1,"featured_media":0,"comment_status":"closed","ping_status":"closed","sticky":false,"template":"","format":"standard","meta":{"footnotes":""},"categories":[93,115,70],"tags":[3072,3482,3061],"class_list":["post-9079","post","type-post","status-publish","format-standard","hentry","category-compactos","category-francisco-alves","category-selo-rca-victor","tag-compactos","tag-francisco-alves","tag-selo-rca-victor"],"_links":{"self":[{"href":"https:\/\/www.toque-musicall.com\/index.php?rest_route=\/wp\/v2\/posts\/9079","targetHints":{"allow":["GET"]}}],"collection":[{"href":"https:\/\/www.toque-musicall.com\/index.php?rest_route=\/wp\/v2\/posts"}],"about":[{"href":"https:\/\/www.toque-musicall.com\/index.php?rest_route=\/wp\/v2\/types\/post"}],"author":[{"embeddable":true,"href":"https:\/\/www.toque-musicall.com\/index.php?rest_route=\/wp\/v2\/users\/1"}],"replies":[{"embeddable":true,"href":"https:\/\/www.toque-musicall.com\/index.php?rest_route=%2Fwp%2Fv2%2Fcomments&post=9079"}],"version-history":[{"count":1,"href":"https:\/\/www.toque-musicall.com\/index.php?rest_route=\/wp\/v2\/posts\/9079\/revisions"}],"predecessor-version":[{"id":9080,"href":"https:\/\/www.toque-musicall.com\/index.php?rest_route=\/wp\/v2\/posts\/9079\/revisions\/9080"}],"wp:attachment":[{"href":"https:\/\/www.toque-musicall.com\/index.php?rest_route=%2Fwp%2Fv2%2Fmedia&parent=9079"}],"wp:term":[{"taxonomy":"category","embeddable":true,"href":"https:\/\/www.toque-musicall.com\/index.php?rest_route=%2Fwp%2Fv2%2Fcategories&post=9079"},{"taxonomy":"post_tag","embeddable":true,"href":"https:\/\/www.toque-musicall.com\/index.php?rest_route=%2Fwp%2Fv2%2Ftags&post=9079"}],"curies":[{"name":"wp","href":"https:\/\/api.w.org\/{rel}","templated":true}]}}