{"id":9086,"date":"2022-01-11T10:17:00","date_gmt":"2022-01-11T12:17:00","guid":{"rendered":"https:\/\/www.toque-musicall.com\/?p=9086"},"modified":"2022-01-12T10:19:55","modified_gmt":"2022-01-12T12:19:55","slug":"the-sunshines-1968","status":"publish","type":"post","link":"https:\/\/www.toque-musicall.com\/?p=9086","title":{"rendered":"The Sunshines (1968)"},"content":{"rendered":"\n<figure class=\"wp-block-image size-large\"><img decoding=\"async\" src=\"https:\/\/blogger.googleusercontent.com\/img\/a\/AVvXsEi5oJ8mI381rCIt3fAiPQoJx8x6P-etcpu9s0wC0kJ7gb8mz9Itu-Oc0KICGyGxUpmsdWHA91QLhg9P5y89fPrpSTVTS2sJhdX8UjdjO067mC_35TapJXwvtxT1SoazXhocrRX3na-TXycpc8W879CJU8aUfsPepiXX6-gOytt-5BZCXj1mHke_PVU5fQ=w628-h640\" alt=\"\"\/><\/figure>\n\n\n\n<figure class=\"wp-block-image size-large\"><img decoding=\"async\" src=\"https:\/\/blogger.googleusercontent.com\/img\/a\/AVvXsEi03c9jnNZ0CoOnM66wHmCnbCAqeVYoFlxTuNd976WlU_dF8WB7sz3lgPH_0y2Cnh5LUwu4hPiHkuuCd3Gd-3jbSVgKqZKWd59MMZn4cQYcEAylfPOY4eUj5oRW0rwAt_BkvrlBI9eI7wYW1PBt0l-s55kNIikf5RlvAMggX-8D8l9MIjNu2JMrYRvG9g=w630-h640\" alt=\"\"\/><\/figure>\n\n\n<div class=\"separator\">Boa hora, meus prezados amigo cultos e ocultos! No nosso encontro de sete polegadas, hoje temos o conjunto The Sunshines que fez parte da onda da Jovem Guarda. Surgiram em 1964, gravando vers\u00f5es de sucessos da m\u00fasica pop internacional, como era de costume naqueles dias. The Sunshines era formado pelos filhos dos comediantes Brand\u00e3o Filho e Walter D&#8217;Avila. Seu primeiro disco foi em 66, numa produ\u00e7\u00e3o independente trazendo vers\u00f5es de m\u00fasicas dos Beatles, mas sem muito sucesso. Foi, por\u00e9m na CBS que eles se firmaram, gravando assim seu segundo lp, produzido por Leno e Jairo Pires. Ao que consta, o grupo lan\u00e7aria novos discos (compactos) pela CBS at\u00e9 1968, quando ent\u00e3o a banda se separou. O disquinho que temos deles, creio, foi o \u00faltimo lan\u00e7amento, trazendo duas vers\u00f5es para &#8220;Kicks&#8221; e &#8220;Friday In My Mind&#8221;, que aqui aparecem respectivamente como &#8220;Por voc\u00ea tudo faria&#8221; e &#8220;Quando for bem tarde&#8221;, m\u00fasicas essas que foram lan\u00e7adas no CD &#8220;O \u00daltimo Trem&#8221;, disco\/lp lan\u00e7ado originalmente em 68. Confiram&#8230;<\/div>\n<div class=\"separator\">\u00a0<\/div>\n<div class=\"separator\">por voc\u00ea tudo faria<\/div>\n<div class=\"separator\">quando for bem tarde<\/div>\n<div class=\"separator\">\u00a0<\/div>\n<div class=\"separator\">\u00a0<\/div>\n<div class=\"separator\">.<\/div>","protected":false},"excerpt":{"rendered":"<p>Boa hora, meus prezados amigo cultos e ocultos! No nosso encontro de sete polegadas, hoje temos o conjunto The Sunshines que fez parte da onda da Jovem Guarda. Surgiram em 1964, gravando vers\u00f5es de sucessos da m\u00fasica pop internacional, como &hellip; <a href=\"https:\/\/www.toque-musicall.com\/?p=9086\">Continue lendo <span class=\"meta-nav\">&rarr;<\/span><\/a><\/p>\n","protected":false},"author":1,"featured_media":0,"comment_status":"closed","ping_status":"closed","sticky":false,"template":"","format":"standard","meta":{"footnotes":""},"categories":[93,178,1908],"tags":[3072,3268,4942],"class_list":["post-9086","post","type-post","status-publish","format-standard","hentry","category-compactos","category-selo-cbs","category-the-sunshines","tag-compactos","tag-selo-cbs","tag-the-sunshines"],"_links":{"self":[{"href":"https:\/\/www.toque-musicall.com\/index.php?rest_route=\/wp\/v2\/posts\/9086","targetHints":{"allow":["GET"]}}],"collection":[{"href":"https:\/\/www.toque-musicall.com\/index.php?rest_route=\/wp\/v2\/posts"}],"about":[{"href":"https:\/\/www.toque-musicall.com\/index.php?rest_route=\/wp\/v2\/types\/post"}],"author":[{"embeddable":true,"href":"https:\/\/www.toque-musicall.com\/index.php?rest_route=\/wp\/v2\/users\/1"}],"replies":[{"embeddable":true,"href":"https:\/\/www.toque-musicall.com\/index.php?rest_route=%2Fwp%2Fv2%2Fcomments&post=9086"}],"version-history":[{"count":1,"href":"https:\/\/www.toque-musicall.com\/index.php?rest_route=\/wp\/v2\/posts\/9086\/revisions"}],"predecessor-version":[{"id":9087,"href":"https:\/\/www.toque-musicall.com\/index.php?rest_route=\/wp\/v2\/posts\/9086\/revisions\/9087"}],"wp:attachment":[{"href":"https:\/\/www.toque-musicall.com\/index.php?rest_route=%2Fwp%2Fv2%2Fmedia&parent=9086"}],"wp:term":[{"taxonomy":"category","embeddable":true,"href":"https:\/\/www.toque-musicall.com\/index.php?rest_route=%2Fwp%2Fv2%2Fcategories&post=9086"},{"taxonomy":"post_tag","embeddable":true,"href":"https:\/\/www.toque-musicall.com\/index.php?rest_route=%2Fwp%2Fv2%2Ftags&post=9086"}],"curies":[{"name":"wp","href":"https:\/\/api.w.org\/{rel}","templated":true}]}}