{"id":9097,"date":"2022-01-13T02:15:00","date_gmt":"2022-01-13T04:15:00","guid":{"rendered":"https:\/\/www.toque-musicall.com\/?p=9097"},"modified":"2022-01-17T02:18:41","modified_gmt":"2022-01-17T04:18:41","slug":"leonardo-1968","status":"publish","type":"post","link":"https:\/\/www.toque-musicall.com\/?p=9097","title":{"rendered":"Leonardo (1968)"},"content":{"rendered":"\n<figure class=\"wp-block-image size-large\"><img decoding=\"async\" src=\"https:\/\/blogger.googleusercontent.com\/img\/a\/AVvXsEj5Mi-z_pzqhVvAG-vzi4XIfuN4VxBHDX9MBpHN0M7d6ofdWObIfO7qxSdZGFIUC0o0G6ox8u6PQVOlRQwfVACDpR54m6WTviHdVMiuH0JeSdo5HIbRytk1qL2pVW06ULY94suHGZTClCSouXHEJNJPdmQtZaZvv0OVVJ-Xy0mSwnEapmJYG5_PSJVIhg=w640-h634\" alt=\"\"\/><\/figure>\n\n\n\n<figure class=\"wp-block-image size-large\"><img decoding=\"async\" src=\"https:\/\/blogger.googleusercontent.com\/img\/a\/AVvXsEgJXne2ET8Th7kjRXPfZdmwoDRst9GkY_IGbCZBnhBfqbY9AKoxym5qD0EC2w6IiUJcXGKncD-EL-Ic-L-h84lR7xBNF_KvrfWqqi2mmx1W-pfuLQG2PkwQlxs6ICpSoHhvekUhgBtV3IZYKXUrxJsbkvyNwaOBICXdgnNuxrNM1WgrUg6hkyiVndSSJg=w640-h622\" alt=\"\"\/><\/figure>\n\n\n<div class=\"separator\">Boa hora, amigos cultos e ocultos! Fique neste m\u00eas com a promessa de postar somente discos compactos, de sete polegadas. No fundo, queria mesmo \u00e9 revisitar o arquivo, descobrir o que tem al\u00e9m nesses disquinhos que muitas vezes, apenas pelo selo, considerando suas capas gen\u00e9ricas, n\u00e3o \u00e9 poss\u00edvel saber o seu conte\u00fado. E \u00e9 assim que eu vou descobrindo&#8230;<\/div>\n<div class=\"separator\">Entre tantos, eu hoje escolhi este compacto lan\u00e7ado pela CBS, atrav\u00e9s de seu selo Epic. Leonardo&#8230; para mm, at\u00e9 ent\u00e3o um desconhecido. E para se ter uma ideia do meu descontrole, s\u00f3 agora percebi que j\u00e1 havia postado este disquinho aqui, h\u00e1 coisa de uns sete anos atr\u00e1s, em uma dessas nossas mostras de compactos. Por\u00e9m, relendo a postagem, percebo que (assim como tantas outras) a fiz meio a &#8216;toque de caixa&#8217;, como dizem por a\u00ed. N\u00e3o dei a devida aten\u00e7\u00e3o&#8230; h\u00e1 vezes, em que escrever essas postagens como um ato di\u00e1rio e obrigat\u00f3rio me d\u00e1 um tremendo des\u00e2nimo, por isso, as vezes sai &#8216;merda&#8217; (com o perd\u00e3o da palavra) e a postagem fica mesmo muito pobre. O que, ent\u00e3o, refor\u00e7a a necessidade de uma nova postagem para esclarecer melhor os fatos \ud83d\ude42<\/div>\n<div class=\"separator\">Ent\u00e3o, temos aqui Leonardo, neste compacto lan\u00e7ado em 1968. Numa r\u00e1pida pesquisa que fiz aqui, acabei caindo no Youtube e foi l\u00e1 que encontrei as informa\u00e7\u00f5es que faltavam. E que interessante, at\u00e9 aqui, meu saudoso amigo virtual Samuca est\u00e1 presente. Foi atrav\u00e9s de seu coment\u00e1rio e de outros na postagem deste disquinho, no Youtube, que colhei as informa\u00e7\u00f5es necess\u00e1rias&#8230;\u00a0<\/div>\n<div class=\"separator\">Leonardo foi um pseud\u00f4nimo usado pelo compositor carioca Nen\u00e9o (Nelson de Moraes Filho). Um cara que por conta da trag\u00e9dia, a morte num mesmo momento dos pais e irm\u00e3o, lhe deixou aos 13 anos sozinho, como tutor de seus outros irm\u00e3os mais novos. Encontrou na m\u00fasica, na composi\u00e7\u00e3o, inspirada em seu \u00eddolo Roberto Carlos, a retomada da vida e o sucesso como m\u00fasico. Na verdade, foi atrav\u00e9s do cantor Paulo S\u00e9rgio, que tudo come\u00e7ou. Foi ele quem gravou primeiro a sua m\u00fasica. Depois viria Roberto Carlos, Agnaldo Tim\u00f3teo, M\u00e1rcio Greick, Zez\u00e9 de Camargo &amp; Luciano, Sandy &amp; Junior e muitos outros. Enfim, este foi o primeiro momento, o primeiro disco deste compositor que continua ativo, compondo e tamb\u00e9m gravando. Confiram o disquinho no GTM&#8230;<\/div>\n<div class=\"separator\">\u00a0<\/div>\n<div class=\"separator\">deixa-me chorar<\/div>\n<div class=\"separator\">pra voc\u00ea<\/div>\n<div class=\"separator\">\u00a0<\/div>\n<div class=\"separator\">\u00a0<\/div>\n<div class=\"separator\">.<\/div>","protected":false},"excerpt":{"rendered":"<p>Boa hora, amigos cultos e ocultos! Fique neste m\u00eas com a promessa de postar somente discos compactos, de sete polegadas. No fundo, queria mesmo \u00e9 revisitar o arquivo, descobrir o que tem al\u00e9m nesses disquinhos que muitas vezes, apenas pelo &hellip; <a href=\"https:\/\/www.toque-musicall.com\/?p=9097\">Continue lendo <span class=\"meta-nav\">&rarr;<\/span><\/a><\/p>\n","protected":false},"author":1,"featured_media":0,"comment_status":"closed","ping_status":"closed","sticky":false,"template":"","format":"standard","meta":{"footnotes":""},"categories":[93,2608,624],"tags":[3072,4945,3583],"class_list":["post-9097","post","type-post","status-publish","format-standard","hentry","category-compactos","category-leonardo","category-selo-epic","tag-compactos","tag-leonardo","tag-selo-epic"],"_links":{"self":[{"href":"https:\/\/www.toque-musicall.com\/index.php?rest_route=\/wp\/v2\/posts\/9097","targetHints":{"allow":["GET"]}}],"collection":[{"href":"https:\/\/www.toque-musicall.com\/index.php?rest_route=\/wp\/v2\/posts"}],"about":[{"href":"https:\/\/www.toque-musicall.com\/index.php?rest_route=\/wp\/v2\/types\/post"}],"author":[{"embeddable":true,"href":"https:\/\/www.toque-musicall.com\/index.php?rest_route=\/wp\/v2\/users\/1"}],"replies":[{"embeddable":true,"href":"https:\/\/www.toque-musicall.com\/index.php?rest_route=%2Fwp%2Fv2%2Fcomments&post=9097"}],"version-history":[{"count":1,"href":"https:\/\/www.toque-musicall.com\/index.php?rest_route=\/wp\/v2\/posts\/9097\/revisions"}],"predecessor-version":[{"id":9098,"href":"https:\/\/www.toque-musicall.com\/index.php?rest_route=\/wp\/v2\/posts\/9097\/revisions\/9098"}],"wp:attachment":[{"href":"https:\/\/www.toque-musicall.com\/index.php?rest_route=%2Fwp%2Fv2%2Fmedia&parent=9097"}],"wp:term":[{"taxonomy":"category","embeddable":true,"href":"https:\/\/www.toque-musicall.com\/index.php?rest_route=%2Fwp%2Fv2%2Fcategories&post=9097"},{"taxonomy":"post_tag","embeddable":true,"href":"https:\/\/www.toque-musicall.com\/index.php?rest_route=%2Fwp%2Fv2%2Ftags&post=9097"}],"curies":[{"name":"wp","href":"https:\/\/api.w.org\/{rel}","templated":true}]}}