{"id":9099,"date":"2022-01-14T02:18:00","date_gmt":"2022-01-14T04:18:00","guid":{"rendered":"https:\/\/www.toque-musicall.com\/?p=9099"},"modified":"2024-08-03T20:37:52","modified_gmt":"2024-08-03T23:37:52","slug":"geraldo-vandre-no-chile-1969-1983","status":"publish","type":"post","link":"https:\/\/www.toque-musicall.com\/?p=9099","title":{"rendered":"Geraldo Vandr\u00e9 &#8211; No Chile 1969 (1983)"},"content":{"rendered":"\n<figure class=\"wp-block-image size-large\"><img decoding=\"async\" src=\"https:\/\/blogger.googleusercontent.com\/img\/a\/AVvXsEj-l62O0e1AJHzqUtGwaVBm35SUVRJyOs-M25xw27T1kdOxA9vXGrlmXjcyTm9xzywq5_634bmjDg2580c2dkUjMDpw_eo6LJjW5g7nhQoDWe5CHxjpyjJFYstN6Ff2WOr9jmkvEPwvaLll0r7Zjr2ugDAFKbUBcKmfkIqKOdOClVYyShg_NQsnNdR0sg=w640-h606\" alt=\"\"\/><\/figure>\n\n\n\n<figure class=\"wp-block-image size-large\"><img decoding=\"async\" src=\"https:\/\/blogger.googleusercontent.com\/img\/a\/AVvXsEixnGMVPN2883eD1CCoEJKDJOGmeGUGhmJAnS7yBECGgCJPza_somg6QMKppisOy1nRy6lnOTpqTRAohb-3oMO0hDTQ9dOtW3UTEsM2wt12ElFGBoeQEL5JkIc8gd029JpQyfohZysKPl_0el0YB94ws3MnHRSOHoSSHHoPed7hg8CEgO0aKverTN163w=w640-h600\" alt=\"\"\/><\/figure>\n\n\n<div class=\"separator\">\n<div class=\"separator\">Ol\u00e1, meus amigos cultos e ocultos! Lembrei que tinha este arquivo aqui que me foi enviado h\u00e1 algum tempo atr\u00e1s. Como verifiquei, ainda n\u00e3o foi postado, ent\u00e3o \u00e9 agora mesmo&#8230; \ud83d\ude42<\/div>\n<div class=\"separator\">Aqui temos Geraldo Vandr\u00e9 em duas grava\u00e7\u00f5es feitas no Chile, em 1969, durante seu per\u00edodo de ex\u00edlio naquele pa\u00eds. No compacto simples &#8220;Desacordonar&#8221;, composta no Chile e em espanhol e uma vers\u00e3o para &#8220;Pra n\u00e3o dizer que n\u00e3o falei de flores&#8221;, aqui chamada apenas de &#8220;Caminando. Essas grava\u00e7\u00f5es nunca chegaram a ser lan\u00e7adas aqui no Brasil at\u00e9 1983, quando ent\u00e3o apareceu em uma produ\u00e7\u00e3o independente e limitada. Eu, sinceramente, nunca tive em m\u00e3os este disquinho. Coisa rara, mas j\u00e1 bem rodado em outros blogs musicais e l\u00e1 no Youtube. Ou seja, j\u00e1 est\u00e1 l\u00e1 no GTM aguardando voc\u00eas.\u00a0<\/div>\n<div class=\"separator\">\u00a0<\/div>\n<div class=\"separator\">desacordonar<\/div>\n<div class=\"separator\">caminhando<\/div>\n<div class=\"separator\">\u00a0<\/div>\n<div class=\"separator\">\u00a0<\/div>\n<\/div>\n\n\n<p><\/p>\n","protected":false},"excerpt":{"rendered":"<p>Ol\u00e1, meus amigos cultos e ocultos! Lembrei que tinha este arquivo aqui que me foi enviado h\u00e1 algum tempo atr\u00e1s. Como verifiquei, ainda n\u00e3o foi postado, ent\u00e3o \u00e9 agora mesmo&#8230; \ud83d\ude42 Aqui temos Geraldo Vandr\u00e9 em duas grava\u00e7\u00f5es feitas no &hellip; <a href=\"https:\/\/www.toque-musicall.com\/?p=9099\">Continue lendo <span class=\"meta-nav\">&rarr;<\/span><\/a><\/p>\n","protected":false},"author":1,"featured_media":0,"comment_status":"closed","ping_status":"closed","sticky":false,"template":"","format":"standard","meta":{"footnotes":""},"categories":[93,258,25],"tags":[3072,4935,3017],"class_list":["post-9099","post","type-post","status-publish","format-standard","hentry","category-compactos","category-geraldo-vandre","category-selo-independente","tag-compactos","tag-geraldo-vandre","tag-selo-independente"],"_links":{"self":[{"href":"https:\/\/www.toque-musicall.com\/index.php?rest_route=\/wp\/v2\/posts\/9099","targetHints":{"allow":["GET"]}}],"collection":[{"href":"https:\/\/www.toque-musicall.com\/index.php?rest_route=\/wp\/v2\/posts"}],"about":[{"href":"https:\/\/www.toque-musicall.com\/index.php?rest_route=\/wp\/v2\/types\/post"}],"author":[{"embeddable":true,"href":"https:\/\/www.toque-musicall.com\/index.php?rest_route=\/wp\/v2\/users\/1"}],"replies":[{"embeddable":true,"href":"https:\/\/www.toque-musicall.com\/index.php?rest_route=%2Fwp%2Fv2%2Fcomments&post=9099"}],"version-history":[{"count":3,"href":"https:\/\/www.toque-musicall.com\/index.php?rest_route=\/wp\/v2\/posts\/9099\/revisions"}],"predecessor-version":[{"id":10592,"href":"https:\/\/www.toque-musicall.com\/index.php?rest_route=\/wp\/v2\/posts\/9099\/revisions\/10592"}],"wp:attachment":[{"href":"https:\/\/www.toque-musicall.com\/index.php?rest_route=%2Fwp%2Fv2%2Fmedia&parent=9099"}],"wp:term":[{"taxonomy":"category","embeddable":true,"href":"https:\/\/www.toque-musicall.com\/index.php?rest_route=%2Fwp%2Fv2%2Fcategories&post=9099"},{"taxonomy":"post_tag","embeddable":true,"href":"https:\/\/www.toque-musicall.com\/index.php?rest_route=%2Fwp%2Fv2%2Ftags&post=9099"}],"curies":[{"name":"wp","href":"https:\/\/api.w.org\/{rel}","templated":true}]}}