{"id":910,"date":"2010-03-10T11:04:00","date_gmt":"2010-03-10T11:04:00","guid":{"rendered":"http:\/\/www.toque-musicall.com\/?p=910"},"modified":"2010-03-10T11:04:00","modified_gmt":"2010-03-10T11:04:00","slug":"os-tres-tons-1962","status":"publish","type":"post","link":"https:\/\/www.toque-musicall.com\/?p=910","title":{"rendered":"Os Tr\u00eas Tons (1962)"},"content":{"rendered":"<p><a href=\"http:\/\/1.bp.blogspot.com\/_DSKVEvHtskc\/S5d9qC1XKRI\/AAAAAAAAGSc\/kFCA5vYjPOg\/s1600-h\/os+tr%C3%83%C2%AAs+tons+P.JPG\"><img decoding=\"async\" style=\"TEXT-ALIGN: center; MARGIN: 0px auto 10px; WIDTH: 400px; DISPLAY: block; HEIGHT: 400px; CURSOR: hand\" id=\"BLOGGER_PHOTO_ID_5446960435596568850\" border=\"0\" alt=\"\" src=\"http:\/\/1.bp.blogspot.com\/_DSKVEvHtskc\/S5d9qC1XKRI\/AAAAAAAAGSc\/kFCA5vYjPOg\/s400\/os+tr%C3%AAs+tons+P.JPG\" \/><\/a> Ol\u00e1 amigos cultos e ocultos! Nosso encontro hoje \u00e9 com o trio vocal &#8220;Os Tr\u00eas Tons&#8221;, voc\u00eas conhecem? Estou perguntando porque eu mesmo n\u00e3o sei nada sobre eles. Vez por outra, em alguma colet\u00e2nea, vejo o nome do trio, inclusive em um disco de natal que eu postei aqui. Mas nunca procurei saber quem era e de onde eles vieram. \u00c0 primeira vista, olhando pela capa e com este nome a gente logo pensa que se trata de alguma coisa ligada \u00e0 Bossa Nova. Por\u00e9m ao ouvir o disco, ou mesmo pelo repert\u00f3rio, se percebe que eles est\u00e3o mais para Os Cantores de \u00c9bano do que para a turma do banquinho e viol\u00e3o. Trata-se de um disco curioso, de estr\u00e9ia de tr\u00eas rapazes que na verdade n\u00e3o s\u00e3o Antonio, Tonico e Totonho. Chamam-se Nilson, Nelson e Jorge. Os &#8220;tons&#8221; ficam por conta da sonoridade, da diferen\u00e7a vocal entre eles que juntos se arranjam de maneira bem agrad\u00e1vel. Os Tr\u00eas Tons tamb\u00e9m nos remetem \u00e0 lembran\u00e7a de Tom Jobim, embora n\u00e3o tenham absolutamente nada em comum. Percebe-se que h\u00e1 no nome um certo apelo comercial (se um Tom \u00e9 bom, tr\u00eas \u00e9 demais). Sem d\u00favida, uma boa escolha, um bom nome art\u00edstico criado pelo produtor musical Ismael Corr\u00eaa. O repert\u00f3rio tem bem a cara da \u00e9poca e influ\u00eancias dos grupos vocais americanos. Acredito que Os Tr\u00eas Tons s\u00f3 lan\u00e7aram este disco. Consta na rede, nos &#8216;mercados livres da vida digital&#8217;, tamb\u00e9m um compacto. Eis ent\u00e3o um disco raro, que vale a pena uma conferida. Se algu\u00e9m soubre e quiser complementar as informa\u00e7\u00f5es, na se fa\u00e7a de rogado, solta o verbo no Coment\u00e1rios \ud83d\ude09 <\/p>\n<div align=\"center\">despreocupadamente<\/div>\n<div align=\"center\">alucinado<\/div>\n<div align=\"center\">joga a rede no mar<\/div>\n<div align=\"center\">indecis\u00e3o<\/div>\n<div align=\"center\">voc\u00ea h\u00e1 de voltar<\/div>\n<div align=\"center\">mar azul<\/div>\n<div align=\"center\">amor pequeno<\/div>\n<div align=\"center\">negrinhos dizendo am\u00e9m<\/div>\n<div align=\"center\">amor de morena<\/div>\n<div align=\"center\">balada dos olhos<\/div>\n<div align=\"center\">n\u00e3o sei porque<\/div>\n<div align=\"center\">devaneio<\/div>\n<div align=\"center\"><\/div>\n","protected":false},"excerpt":{"rendered":"<p>Ol\u00e1 amigos cultos e ocultos! Nosso encontro hoje \u00e9 com o trio vocal &#8220;Os Tr\u00eas Tons&#8221;, voc\u00eas conhecem? Estou perguntando porque eu mesmo n\u00e3o sei nada sobre eles. Vez por outra, em alguma colet\u00e2nea, vejo o nome do trio, inclusive &hellip; <a href=\"https:\/\/www.toque-musicall.com\/?p=910\">Continue lendo <span class=\"meta-nav\">&rarr;<\/span><\/a><\/p>\n","protected":false},"author":1,"featured_media":0,"comment_status":"open","ping_status":"closed","sticky":false,"template":"","format":"standard","meta":{"footnotes":""},"categories":[1213],"tags":[],"class_list":["post-910","post","type-post","status-publish","format-standard","hentry","category-os-tres-tons"],"_links":{"self":[{"href":"https:\/\/www.toque-musicall.com\/index.php?rest_route=\/wp\/v2\/posts\/910","targetHints":{"allow":["GET"]}}],"collection":[{"href":"https:\/\/www.toque-musicall.com\/index.php?rest_route=\/wp\/v2\/posts"}],"about":[{"href":"https:\/\/www.toque-musicall.com\/index.php?rest_route=\/wp\/v2\/types\/post"}],"author":[{"embeddable":true,"href":"https:\/\/www.toque-musicall.com\/index.php?rest_route=\/wp\/v2\/users\/1"}],"replies":[{"embeddable":true,"href":"https:\/\/www.toque-musicall.com\/index.php?rest_route=%2Fwp%2Fv2%2Fcomments&post=910"}],"version-history":[{"count":0,"href":"https:\/\/www.toque-musicall.com\/index.php?rest_route=\/wp\/v2\/posts\/910\/revisions"}],"wp:attachment":[{"href":"https:\/\/www.toque-musicall.com\/index.php?rest_route=%2Fwp%2Fv2%2Fmedia&parent=910"}],"wp:term":[{"taxonomy":"category","embeddable":true,"href":"https:\/\/www.toque-musicall.com\/index.php?rest_route=%2Fwp%2Fv2%2Fcategories&post=910"},{"taxonomy":"post_tag","embeddable":true,"href":"https:\/\/www.toque-musicall.com\/index.php?rest_route=%2Fwp%2Fv2%2Ftags&post=910"}],"curies":[{"name":"wp","href":"https:\/\/api.w.org\/{rel}","templated":true}]}}