{"id":9112,"date":"2022-01-19T06:26:00","date_gmt":"2022-01-19T09:26:00","guid":{"rendered":"https:\/\/www.toque-musicall.com\/?p=9112"},"modified":"2022-01-30T23:28:59","modified_gmt":"2022-01-31T02:28:59","slug":"carinhoso-temas-musicais-da-novela-1973","status":"publish","type":"post","link":"https:\/\/www.toque-musicall.com\/?p=9112","title":{"rendered":"Carinhoso &#8211; Temas Musicais Da Novela (1973)"},"content":{"rendered":"\n<figure class=\"wp-block-image size-large\"><img decoding=\"async\" src=\"https:\/\/blogger.googleusercontent.com\/img\/a\/AVvXsEglfpeZjMkZqWPH3Tg7g8SPlshHenQl8R7-CpgRrdlP9-wWbUL5hCNNje-wghxaMx5Zn81x4zrpHC1H5_Zp9THaWPJZVgWcppxyaI2ykQWkX4aj_987O6CTswGxku-hsEk2FFQnb3cqzqk0Dp84fZWCp_6CZBZKey8rV3kOmH5GdtMq8YHbXbVK0Y3OvA=w640-h636\" alt=\"\"\/><\/figure>\n\n\n\n<figure class=\"wp-block-image size-large\"><img decoding=\"async\" src=\"https:\/\/blogger.googleusercontent.com\/img\/a\/AVvXsEiN_9mamTEyu_JQYifzxnayhiqIemIg0dC9adXJCfm7k29m1q0TYbeUxKqabDmq2PbKnmj6nDk9TtRXg2rmdy-mdV0EPCXOoa_jYg9Xg_ZygHij8E-aDUaWAtOfnStk27NvXycuHCNsgmBrBPz6xQfLg4RPM6aGDyhT_jGXoT0oiNhYzujWxMMv2UkUMA=w640-h626\" alt=\"\"\/><\/figure>\n\n\n<div class=\"separator\">Boa hora, amigos cultos e ocultos! Definitivamente, eu n\u00e3o estou conseguindo manter nossas postagens di\u00e1rias, mas tamb\u00e9m n\u00e3o quero deix\u00e1-las espa\u00e7adas, considerando apenas os dias em que realmente fa\u00e7o as publica\u00e7\u00f5es. Por isso elas seguem, embora com atrasos, sempre na sequencia dos dias.<\/div>\n<div class=\"separator\">Hoje tenho para voc\u00eas este disquinho lan\u00e7ado pela RGE\/Fermata, em 1973. Nele temos quatro temas que fizeram parte da novela &#8220;Carinhoso&#8221;, da Rede Globo. Nesta \u00e9poca, embora a Globo j\u00e1 tivesse seu editorial para trilhas e o selo Som Livre, era muito comum se pegar carona no sucesso deles e aqui temos um bom exemplo disso. A RGE. aproveitando desse sucesso, produziu um disco com temas musicais da novela, no caso, vers\u00f5es geradas certamente por m\u00fasicos de est\u00fadio da gravadora que aqui aparecem como grupos: Thad Sunshine, Nuvens e Clouds. A dire\u00e7\u00e3o art\u00edstica \u00e9 de Toninho Paladinho e os arranjos e solos de sintetizador \u00e9 do mestre Renato Mendes, que d\u00e1 uma outra roupagem as m\u00fasicas. Disquinho curioso, que vale a pena conhecer. Confiram no GTM&#8230;<\/div>\n<div class=\"separator\">\u00a0<\/div>\n<div class=\"separator\">music and me<\/div>\n<div class=\"separator\">carinhoso<\/div>\n<div class=\"separator\">amar sofrer e sonhar<\/div>\n<div class=\"separator\">manhattan<\/div>\n<div>\u00a0<\/div>\n<div class=\"separator\">\u00a0<\/div>\n<div class=\"separator\">\u00a0<\/div>\n<div class=\"separator\">.<\/div>","protected":false},"excerpt":{"rendered":"<p>Boa hora, amigos cultos e ocultos! Definitivamente, eu n\u00e3o estou conseguindo manter nossas postagens di\u00e1rias, mas tamb\u00e9m n\u00e3o quero deix\u00e1-las espa\u00e7adas, considerando apenas os dias em que realmente fa\u00e7o as publica\u00e7\u00f5es. Por isso elas seguem, embora com atrasos, sempre na &hellip; <a href=\"https:\/\/www.toque-musicall.com\/?p=9112\">Continue lendo <span class=\"meta-nav\">&rarr;<\/span><\/a><\/p>\n","protected":false},"author":1,"featured_media":0,"comment_status":"closed","ping_status":"closed","sticky":false,"template":"","format":"standard","meta":{"footnotes":""},"categories":[3787,93,185,153,1],"tags":[3072,4951,3091],"class_list":["post-9112","post","type-post","status-publish","format-standard","hentry","category-compacto","category-compactos","category-renato-mendes","category-selo-rge","category-sem-categoria","tag-compactos","tag-renato-mendes","tag-selo-rge"],"_links":{"self":[{"href":"https:\/\/www.toque-musicall.com\/index.php?rest_route=\/wp\/v2\/posts\/9112","targetHints":{"allow":["GET"]}}],"collection":[{"href":"https:\/\/www.toque-musicall.com\/index.php?rest_route=\/wp\/v2\/posts"}],"about":[{"href":"https:\/\/www.toque-musicall.com\/index.php?rest_route=\/wp\/v2\/types\/post"}],"author":[{"embeddable":true,"href":"https:\/\/www.toque-musicall.com\/index.php?rest_route=\/wp\/v2\/users\/1"}],"replies":[{"embeddable":true,"href":"https:\/\/www.toque-musicall.com\/index.php?rest_route=%2Fwp%2Fv2%2Fcomments&post=9112"}],"version-history":[{"count":3,"href":"https:\/\/www.toque-musicall.com\/index.php?rest_route=\/wp\/v2\/posts\/9112\/revisions"}],"predecessor-version":[{"id":9135,"href":"https:\/\/www.toque-musicall.com\/index.php?rest_route=\/wp\/v2\/posts\/9112\/revisions\/9135"}],"wp:attachment":[{"href":"https:\/\/www.toque-musicall.com\/index.php?rest_route=%2Fwp%2Fv2%2Fmedia&parent=9112"}],"wp:term":[{"taxonomy":"category","embeddable":true,"href":"https:\/\/www.toque-musicall.com\/index.php?rest_route=%2Fwp%2Fv2%2Fcategories&post=9112"},{"taxonomy":"post_tag","embeddable":true,"href":"https:\/\/www.toque-musicall.com\/index.php?rest_route=%2Fwp%2Fv2%2Ftags&post=9112"}],"curies":[{"name":"wp","href":"https:\/\/api.w.org\/{rel}","templated":true}]}}