{"id":9115,"date":"2022-01-20T06:32:00","date_gmt":"2022-01-20T09:32:00","guid":{"rendered":"https:\/\/www.toque-musicall.com\/?p=9115"},"modified":"2022-01-30T23:35:59","modified_gmt":"2022-01-31T02:35:59","slug":"extra-4-musicas-do-vi-fic-1971","status":"publish","type":"post","link":"https:\/\/www.toque-musicall.com\/?p=9115","title":{"rendered":"Extra 4 M\u00fasicas do VI FIC (1971)"},"content":{"rendered":"\n<figure class=\"wp-block-image size-large\"><img decoding=\"async\" src=\"https:\/\/blogger.googleusercontent.com\/img\/a\/AVvXsEgrdEtZj17ceKmwmEEE11alrFmNdbdNyOUIEdzJzcb4l_3DM_LE9VZ_jPP-VRA-aX2gog3OEnwb3loQUtj1meQhsnHCP-32nFqRTc96bxzU4w8CwTQVyvu0QDUiPbWK3BGSKqlFeTofRd0xAnn6R00k5Q4VNs4SWf6RzEQ4DBzV-XNvAXm4HTqmTx_-Ig=w640-h620\" alt=\"\"\/><\/figure>\n\n\n\n<figure class=\"wp-block-image size-large\"><img decoding=\"async\" src=\"https:\/\/blogger.googleusercontent.com\/img\/a\/AVvXsEi-YAbtIlJZOPhnD2p2kz12Xfsgbf5Fzs-PKuEiMMCvjjn6zdM4RVGkKAtdmmr42wyuCD5zoP22OftfowALv0ZzRaWf5Mue7k2YpwBgMX3cEsLWiUpBBgr8RtkWxCEwyK7ou0np2KF6MARbn5wFlTWAwH2wVTfLUI9ytcOW4kS3b1vgCOcwlwOrj9WvXQ=w640-h632\" alt=\"\"\/><\/figure>\n\n\n<div class=\"separator\">Boa hora, caros amigos cultos e ocultos. Segue nesta postagem um compacto do VI Festival Internacional da Can\u00e7\u00e3o, de 1971 e conforme j\u00e1 se v\u00ea pela capinha, foi um festival com participa\u00e7\u00e3o de cantores\/m\u00fasicas de outros pa\u00edses, realizado no Maracan\u00e3zinho e patrocinado pela Rede Globo, com promo\u00e7\u00e3o da Secretaria de Turismo da (ent\u00e3o) Guanabara. A capa do compacto sugere com estampa uma folha de telex (telegrama), onde constam as informa\u00e7\u00f5es, por\u00e9m sem apresentar a lista das quatro faixas que fazem parte deste compacto. Aqui est\u00e3o reunidas, segundo a Polydor, as quatro m\u00fasicas favoritas do festival&#8230;<\/div>\n<div class=\"separator\">\u00a0<\/div>\n<div class=\"separator\">love is on my mind &#8211; rocky sharan (paquist\u00e3o)<\/div>\n<div class=\"separator\">kiri\u00ea &#8211; silvia maria (brasil)<\/div>\n<div class=\"separator\">y despues del amor &#8211; lucho gatica (mexico)<\/div>\n<div class=\"separator\">piango perchi &#8211; fausto leali (it\u00e1lia)<\/div>\n<div class=\"separator\">\u00a0<\/div>\n<div class=\"separator\">.<\/div>","protected":false},"excerpt":{"rendered":"<p>Boa hora, caros amigos cultos e ocultos. Segue nesta postagem um compacto do VI Festival Internacional da Can\u00e7\u00e3o, de 1971 e conforme j\u00e1 se v\u00ea pela capinha, foi um festival com participa\u00e7\u00e3o de cantores\/m\u00fasicas de outros pa\u00edses, realizado no Maracan\u00e3zinho &hellip; <a href=\"https:\/\/www.toque-musicall.com\/?p=9115\">Continue lendo <span class=\"meta-nav\">&rarr;<\/span><\/a><\/p>\n","protected":false},"author":1,"featured_media":0,"comment_status":"closed","ping_status":"closed","sticky":false,"template":"","format":"standard","meta":{"footnotes":""},"categories":[3787,93,278,4952,1882],"tags":[3072,3364,3057,4780],"class_list":["post-9115","post","type-post","status-publish","format-standard","hentry","category-compacto","category-compactos","category-festivais","category-selo-polydir","category-silvia-maria","tag-compactos","tag-festivais","tag-selo-polydor","tag-silvia-maria"],"_links":{"self":[{"href":"https:\/\/www.toque-musicall.com\/index.php?rest_route=\/wp\/v2\/posts\/9115","targetHints":{"allow":["GET"]}}],"collection":[{"href":"https:\/\/www.toque-musicall.com\/index.php?rest_route=\/wp\/v2\/posts"}],"about":[{"href":"https:\/\/www.toque-musicall.com\/index.php?rest_route=\/wp\/v2\/types\/post"}],"author":[{"embeddable":true,"href":"https:\/\/www.toque-musicall.com\/index.php?rest_route=\/wp\/v2\/users\/1"}],"replies":[{"embeddable":true,"href":"https:\/\/www.toque-musicall.com\/index.php?rest_route=%2Fwp%2Fv2%2Fcomments&post=9115"}],"version-history":[{"count":3,"href":"https:\/\/www.toque-musicall.com\/index.php?rest_route=\/wp\/v2\/posts\/9115\/revisions"}],"predecessor-version":[{"id":9118,"href":"https:\/\/www.toque-musicall.com\/index.php?rest_route=\/wp\/v2\/posts\/9115\/revisions\/9118"}],"wp:attachment":[{"href":"https:\/\/www.toque-musicall.com\/index.php?rest_route=%2Fwp%2Fv2%2Fmedia&parent=9115"}],"wp:term":[{"taxonomy":"category","embeddable":true,"href":"https:\/\/www.toque-musicall.com\/index.php?rest_route=%2Fwp%2Fv2%2Fcategories&post=9115"},{"taxonomy":"post_tag","embeddable":true,"href":"https:\/\/www.toque-musicall.com\/index.php?rest_route=%2Fwp%2Fv2%2Ftags&post=9115"}],"curies":[{"name":"wp","href":"https:\/\/api.w.org\/{rel}","templated":true}]}}