{"id":9119,"date":"2022-01-21T06:37:00","date_gmt":"2022-01-21T09:37:00","guid":{"rendered":"https:\/\/www.toque-musicall.com\/?p=9119"},"modified":"2022-01-30T23:36:41","modified_gmt":"2022-01-31T02:36:41","slug":"apollus-band-1984","status":"publish","type":"post","link":"https:\/\/www.toque-musicall.com\/?p=9119","title":{"rendered":"Apollus Band (1984)"},"content":{"rendered":"\n<figure class=\"wp-block-image size-large\"><img decoding=\"async\" src=\"https:\/\/blogger.googleusercontent.com\/img\/a\/AVvXsEgkZTxCNIAzM8vfo5RWwTfQ6Fl1NLg8uha52tZWOMyCy5lSYlWESe4hPZE7LvJtyltjMn8w07pgZ1GWCZ71Y10owq-zTseLZiKxpW57SJwCh0CzFdJChVucgOhxUqfdlg8CspCFAFjX3bu78QZrDZDCUNKI5XHteWe0_HNLMyBXdb2pfjiSWqmSHbyodw=w636-h640\" alt=\"\"\/><\/figure>\n\n\n\n<figure class=\"wp-block-image size-large\"><img decoding=\"async\" src=\"https:\/\/blogger.googleusercontent.com\/img\/a\/AVvXsEimZ2DUa1C06obvoSYQjp9XnjS6yLC4WRpOcBow7zk1IXBmRWbPiaPEkg9qMaW1ixIRUQ2NIPL0C6e9hzwOZ0nl9K9-SXsJFKoMKs8kJxs_hpQF2vmTQ1hNPUgsXyL2S1CmfhZ4ZtQGLVH0KdErNCJShcbZbmxCiMUb_vLCM5nsK0adbfsAVvIPiQHytQ=w640-h632\" alt=\"\"\/><\/figure>\n\n\n<div class=\"separator\">Bom dia, amigos cultos e ocultos! Me lembro ainda de uma viagem que fiz a S\u00e3o Paulo nos anos 80. Fiquei em um hotel no centro e por acaso fiquei conhecendo um rapaz que era do interior paulista. Estava na capital para assistir a apresenta\u00e7\u00e3o de um conjunto musical de sua cidade que iria se apresentar num programa de televis\u00e3o. Estive com ele em dois momentos, no caf\u00e9 da manh\u00e3 do hotel, onde conversamos e foi justamente no segundo dia que ele me mostrou este disquinho, da banda do primo. Creio que ele havia comprado ou ganhado na noite anterior, mas por infelicidade, acabou esquecendo o compacto na cadeira. Tomamos caf\u00e9 e ele se foi. Meia hora depois algu\u00e9m do hotel veio me trazer o disco, eu informei que n\u00e3o era meu, mas nessa altura o dono j\u00e1 estava voltando para a sua cidade. Sabendo eu da felicidade do cara, por conta do disquinho, achei por bem enviar a ele pelo Correios e foi o que fiz, peguei o endere\u00e7o no hotel e ainda pela manh\u00e3 enviei o disco para ele. Duas semanas depois recebi uma carta dele super agradecido. Coincidentemente, mais de trinta anos depois volto a encontrar esse disquinho e n\u00e3o poderia dessa vez deixar passar em branco, fui ouvir&#8230;\u00a0<\/div>\n<div class=\"separator\">A Apollus Band era um conjunto de baile que se apresentava em cidades do interior paulista. Acredito que eram da cidade de Apucarana. Gravaram este disquinho, com produ\u00e7\u00e3o de Osmar Zan, m\u00fasico, filho do lend\u00e1rio Mario Zan, que tamb\u00e9m \u00e9 o autor das vers\u00f5es para as duas m\u00fasicas deste compacto. Os arranjos e reg\u00eancias s\u00e3o de H\u00e9lio Santisteban, do conjunto Pholhas. Achei bem interessante, perfeito para o nosso &#8216;hall de curiosidades fonomusicais&#8217;. Confiram no GTM&#8230;<\/div>\n<div class=\"separator\">\u00a0<\/div>\n<div class=\"separator\">abre-me a porta (abreme la puerta)<\/div>\n<div class=\"separator\">o campe\u00e3o (confusion)<\/div>\n<div class=\"separator\">\u00a0<\/div>\n<div class=\"separator\">\u00a0<\/div>\n<div class=\"separator\">\u00a0<\/div>\n<div class=\"separator\">.<\/div>","protected":false},"excerpt":{"rendered":"<p>Bom dia, amigos cultos e ocultos! Me lembro ainda de uma viagem que fiz a S\u00e3o Paulo nos anos 80. Fiquei em um hotel no centro e por acaso fiquei conhecendo um rapaz que era do interior paulista. Estava na &hellip; <a href=\"https:\/\/www.toque-musicall.com\/?p=9119\">Continue lendo <span class=\"meta-nav\">&rarr;<\/span><\/a><\/p>\n","protected":false},"author":1,"featured_media":0,"comment_status":"closed","ping_status":"closed","sticky":false,"template":"","format":"standard","meta":{"footnotes":""},"categories":[4954,3787,93,439],"tags":[4955,3072,3412],"class_list":["post-9119","post","type-post","status-publish","format-standard","hentry","category-apollus-band","category-compacto","category-compactos","category-selo-fermata","tag-apollus-band","tag-compactos","tag-selo-fermata"],"_links":{"self":[{"href":"https:\/\/www.toque-musicall.com\/index.php?rest_route=\/wp\/v2\/posts\/9119","targetHints":{"allow":["GET"]}}],"collection":[{"href":"https:\/\/www.toque-musicall.com\/index.php?rest_route=\/wp\/v2\/posts"}],"about":[{"href":"https:\/\/www.toque-musicall.com\/index.php?rest_route=\/wp\/v2\/types\/post"}],"author":[{"embeddable":true,"href":"https:\/\/www.toque-musicall.com\/index.php?rest_route=\/wp\/v2\/users\/1"}],"replies":[{"embeddable":true,"href":"https:\/\/www.toque-musicall.com\/index.php?rest_route=%2Fwp%2Fv2%2Fcomments&post=9119"}],"version-history":[{"count":1,"href":"https:\/\/www.toque-musicall.com\/index.php?rest_route=\/wp\/v2\/posts\/9119\/revisions"}],"predecessor-version":[{"id":9120,"href":"https:\/\/www.toque-musicall.com\/index.php?rest_route=\/wp\/v2\/posts\/9119\/revisions\/9120"}],"wp:attachment":[{"href":"https:\/\/www.toque-musicall.com\/index.php?rest_route=%2Fwp%2Fv2%2Fmedia&parent=9119"}],"wp:term":[{"taxonomy":"category","embeddable":true,"href":"https:\/\/www.toque-musicall.com\/index.php?rest_route=%2Fwp%2Fv2%2Fcategories&post=9119"},{"taxonomy":"post_tag","embeddable":true,"href":"https:\/\/www.toque-musicall.com\/index.php?rest_route=%2Fwp%2Fv2%2Ftags&post=9119"}],"curies":[{"name":"wp","href":"https:\/\/api.w.org\/{rel}","templated":true}]}}