{"id":9121,"date":"2022-01-22T06:40:00","date_gmt":"2022-01-22T09:40:00","guid":{"rendered":"https:\/\/www.toque-musicall.com\/?p=9121"},"modified":"2022-01-30T23:27:37","modified_gmt":"2022-01-31T02:27:37","slug":"marcos-valle-1968","status":"publish","type":"post","link":"https:\/\/www.toque-musicall.com\/?p=9121","title":{"rendered":"Marcos Valle (1968)"},"content":{"rendered":"\n<figure class=\"wp-block-image size-large\"><img decoding=\"async\" src=\"https:\/\/blogger.googleusercontent.com\/img\/a\/AVvXsEhSV6ONEP3Wzs4nezfSQC2qATsQcCEnm8YIMVjctcYXBFfkiE_DQM0O1D0nVJgzIkN43k_vOKmhdafOd4jvKO5izlEKYh7bbcwWv8DlXSL3m1nFy6P7F-pEn47S1G6OBZ39FLocBn5G_S2EmhOCTea5oKsdh7crsHR_qTF1B3Z_7INThLH9i7A5r3pwiw=w636-h640\" alt=\"\"\/><\/figure>\n\n\n\n<figure class=\"wp-block-image size-large\"><img decoding=\"async\" src=\"https:\/\/blogger.googleusercontent.com\/img\/a\/AVvXsEj1s3WY1ZnUqfjodJG1wUHqpLbYXiswa5EUBNTC7bVF-i0ili_xVJy4zYR_xSSZ2hQvSyNjCJBb2351qV_Gy3xS7gnCYP7OH7XMbQUFQKKV27rD_bMPFYvJ7EI_Ni4FUqzX2hFxzzoyZbpTfKQRakcnPRg9dIFrmoqz_-O_jBsx6kiseGraxxcyBDomNQ=w630-h640\" alt=\"\"\/><\/figure>\n\n\n<div class=\"separator\">Bom dia, companheiros, amigos cultos e ocultos! Porque hoje \u00e9 s\u00e1bado&#8230; hehehe&#8230; Uma boa desculpa ou raz\u00e3o para trazer de volta este compacto do Marcos Valle, uma amostra do seu lp de 1968, &#8220;Viola Enluarada&#8221;. Eu j\u00e1 havia postado este disquinho aqui h\u00e1 uns 10 anos atr\u00e1s, mas s\u00f3 que foi em bloco, num conjunto de outros discos de sete polegadas, creio que ningu\u00e9m nem lembra mais, nem eu me lembrava e talvez sabendo disso, nem teria re-postado, mas em se tratando de um artista como o Marcos Valle, sempre vale a pena ver e ouvir de novo. Aqui temos ele em dois momentos apresentando a can\u00e7\u00e3o t\u00edtulo do lp, &#8220;Viola enluarada&#8221;, com a participa\u00e7\u00e3o de Milton Nascimento e &#8220;Pelas ruas do Recife&#8221;, tamb\u00e9m de sua autoria com o irm\u00e3o Paulo S\u00e9rgio. Disquinho encantador, merece estar aqui e em destaque \ud83d\ude09<\/div>\n<div class=\"separator\">\u00a0<\/div>\n<div class=\"separator\">viola enluarada<\/div>\n<div class=\"separator\">pelas ruas do recife<\/div>\n<div class=\"separator\">\u00a0<\/div>\n<div class=\"separator\">\u00a0<\/div>\n<div class=\"separator\">.<\/div>","protected":false},"excerpt":{"rendered":"<p>Bom dia, companheiros, amigos cultos e ocultos! Porque hoje \u00e9 s\u00e1bado&#8230; hehehe&#8230; Uma boa desculpa ou raz\u00e3o para trazer de volta este compacto do Marcos Valle, uma amostra do seu lp de 1968, &#8220;Viola Enluarada&#8221;. Eu j\u00e1 havia postado este &hellip; <a href=\"https:\/\/www.toque-musicall.com\/?p=9121\">Continue lendo <span class=\"meta-nav\">&rarr;<\/span><\/a><\/p>\n","protected":false},"author":1,"featured_media":0,"comment_status":"closed","ping_status":"closed","sticky":false,"template":"","format":"standard","meta":{"footnotes":""},"categories":[93,67,86,1],"tags":[3072,4956,3153],"class_list":["post-9121","post","type-post","status-publish","format-standard","hentry","category-compactos","category-marcos-valle","category-selo-odeon","category-sem-categoria","tag-compactos","tag-marcos-valle","tag-selo-odeon"],"_links":{"self":[{"href":"https:\/\/www.toque-musicall.com\/index.php?rest_route=\/wp\/v2\/posts\/9121","targetHints":{"allow":["GET"]}}],"collection":[{"href":"https:\/\/www.toque-musicall.com\/index.php?rest_route=\/wp\/v2\/posts"}],"about":[{"href":"https:\/\/www.toque-musicall.com\/index.php?rest_route=\/wp\/v2\/types\/post"}],"author":[{"embeddable":true,"href":"https:\/\/www.toque-musicall.com\/index.php?rest_route=\/wp\/v2\/users\/1"}],"replies":[{"embeddable":true,"href":"https:\/\/www.toque-musicall.com\/index.php?rest_route=%2Fwp%2Fv2%2Fcomments&post=9121"}],"version-history":[{"count":1,"href":"https:\/\/www.toque-musicall.com\/index.php?rest_route=\/wp\/v2\/posts\/9121\/revisions"}],"predecessor-version":[{"id":9122,"href":"https:\/\/www.toque-musicall.com\/index.php?rest_route=\/wp\/v2\/posts\/9121\/revisions\/9122"}],"wp:attachment":[{"href":"https:\/\/www.toque-musicall.com\/index.php?rest_route=%2Fwp%2Fv2%2Fmedia&parent=9121"}],"wp:term":[{"taxonomy":"category","embeddable":true,"href":"https:\/\/www.toque-musicall.com\/index.php?rest_route=%2Fwp%2Fv2%2Fcategories&post=9121"},{"taxonomy":"post_tag","embeddable":true,"href":"https:\/\/www.toque-musicall.com\/index.php?rest_route=%2Fwp%2Fv2%2Ftags&post=9121"}],"curies":[{"name":"wp","href":"https:\/\/api.w.org\/{rel}","templated":true}]}}