{"id":9125,"date":"2022-01-23T08:28:00","date_gmt":"2022-01-23T11:28:00","guid":{"rendered":"https:\/\/www.toque-musicall.com\/?p=9125"},"modified":"2022-01-30T23:34:55","modified_gmt":"2022-01-31T02:34:55","slug":"carlos-pinto-1974","status":"publish","type":"post","link":"https:\/\/www.toque-musicall.com\/?p=9125","title":{"rendered":"Carlos Pinto (1974)"},"content":{"rendered":"\n<figure class=\"wp-block-image size-large\"><img decoding=\"async\" src=\"https:\/\/blogger.googleusercontent.com\/img\/a\/AVvXsEhmdkkTU4WeDOWYyfZOVOU6YBBZs_1VQJJclnkH5UGMn2jjG9cMnTM69Fekof6ptmfzaJzr88fw-QYuzrzTbAeQu5zF_KXHsR1fkIf4NDXR3ySaqWpyuszqpfwXn0UivWxwK6oqzxirU6zvE7lL0m_t27CeIZsSYc2OIVb_dTYqkNrJdmzgaqvcyRVtwA=w640-h630\" alt=\"\"\/><\/figure>\n\n\n\n<figure class=\"wp-block-image size-large\"><img decoding=\"async\" src=\"https:\/\/blogger.googleusercontent.com\/img\/a\/AVvXsEjPpjVb6ddKtbRsOoUAyUi9q1PJC5fxSICI4aipzWmzQWBpUWoGpjJ7uxqPtDjLsjqxnzLtPQpGZedXerSRe4E9VPFqgemobI9QY9wXzmPeUlxTAZGQeRugMEQMrf6T26GWSa8M-aFutVhRtgmX6uPsCZD2s4CytW4YY0IrTX1YXEkf462uzSkGzZr8OQ=w630-h640\" alt=\"\"\/><\/figure>\n\n\n<div class=\"separator\">Bom dia, meus amigos cultos e ocultos! Seguindo em nosso m\u00eas de janeiro dedicado ao disco de 7 polegadas, hoje temos aqui este raro disquinho lan\u00e7ado pela Continental, em 1974. Trata-se de um compacto duplo do cantor e compositor pernambucano Carlos Pinto. Um artista que sempre esteve ligado as artes c\u00eanicas, desde a adolesc\u00eancia e atrav\u00e9s dessa veio tamb\u00e9m a m\u00fasica que, o levou para as capitais, os grandes centros e a conhecer e se envolver com outros artistas tamb\u00e9m sa\u00eddos da regi\u00e3o nordeste. Quando foi morar na Bahia conheceu a turma dos Novos Baianos e chegou at\u00e9 a tocar com eles no show &#8220;Desembarque dos bichos depois do dil\u00favio universal&#8221;. Mas ele s\u00f3 viria para o Rio de Janeiro em 1970 onde se integraria a uma turma de amigos como, Geraldo Azevedo, Nan\u00e1 Vasconcelos, Torquato Neto e outros. E foi com Torquato Neto que Carlos Pinto come\u00e7a uma parceria musical, depois vem Waly Salom\u00e3o e por a\u00ed vai&#8230; Gravou apenas dois compactos pela Continental, um primeiro simples e na sequ\u00eancia este duplo no qual aparecem seus dois grandes sucessos, &#8220;Luz do sol&#8221;, gravado por Gal Costa e &#8220;Todo dia \u00e9 dia d&#8221;, gravado por Gilberto Gil. Carlos Pinto seguiu se apresentando em show e com outros parceiros, mas acabou voltando para o seu nordeste nos anos 90, onde se tornaria um produtor cultural, desenvolvendo v\u00e1rios projetos e programas na \u00e1reas das artes e cultura de sua regi\u00e3o. Tamb\u00e9m se tornaria compositor de hinos e marchas de carnaval. Sempre muito atuante tamb\u00e9m como membro de ONGs. Segundo informa\u00e7\u00f5es colhidas em outros sites, Carlo Pinto faleceu em 2019, vitimado por um AVC.<\/div>\n<div class=\"separator\">\u00a0<\/div>\n<div class=\"separator\">hist\u00f3ria de um compositor solit\u00e1rio<\/div>\n<div class=\"separator\">luz do sol<\/div>\n<div class=\"separator\">depois daquele beijo<\/div>\n<div class=\"separator\">todo dia \u00e9 dia d<\/div>\n<div class=\"separator\">\u00a0<\/div>\n<div class=\"separator\">\u00a0<\/div>\n<div class=\"separator\">.<\/div>","protected":false},"excerpt":{"rendered":"<p>Bom dia, meus amigos cultos e ocultos! Seguindo em nosso m\u00eas de janeiro dedicado ao disco de 7 polegadas, hoje temos aqui este raro disquinho lan\u00e7ado pela Continental, em 1974. Trata-se de um compacto duplo do cantor e compositor pernambucano &hellip; <a href=\"https:\/\/www.toque-musicall.com\/?p=9125\">Continue lendo <span class=\"meta-nav\">&rarr;<\/span><\/a><\/p>\n","protected":false},"author":1,"featured_media":0,"comment_status":"closed","ping_status":"closed","sticky":false,"template":"","format":"standard","meta":{"footnotes":""},"categories":[4957,3787,93,40],"tags":[4958,3072,3327],"class_list":["post-9125","post","type-post","status-publish","format-standard","hentry","category-carlos-pinto","category-compacto","category-compactos","category-selo-continental","tag-carlos-pinto","tag-compactos","tag-selo-continental"],"_links":{"self":[{"href":"https:\/\/www.toque-musicall.com\/index.php?rest_route=\/wp\/v2\/posts\/9125","targetHints":{"allow":["GET"]}}],"collection":[{"href":"https:\/\/www.toque-musicall.com\/index.php?rest_route=\/wp\/v2\/posts"}],"about":[{"href":"https:\/\/www.toque-musicall.com\/index.php?rest_route=\/wp\/v2\/types\/post"}],"author":[{"embeddable":true,"href":"https:\/\/www.toque-musicall.com\/index.php?rest_route=\/wp\/v2\/users\/1"}],"replies":[{"embeddable":true,"href":"https:\/\/www.toque-musicall.com\/index.php?rest_route=%2Fwp%2Fv2%2Fcomments&post=9125"}],"version-history":[{"count":1,"href":"https:\/\/www.toque-musicall.com\/index.php?rest_route=\/wp\/v2\/posts\/9125\/revisions"}],"predecessor-version":[{"id":9126,"href":"https:\/\/www.toque-musicall.com\/index.php?rest_route=\/wp\/v2\/posts\/9125\/revisions\/9126"}],"wp:attachment":[{"href":"https:\/\/www.toque-musicall.com\/index.php?rest_route=%2Fwp%2Fv2%2Fmedia&parent=9125"}],"wp:term":[{"taxonomy":"category","embeddable":true,"href":"https:\/\/www.toque-musicall.com\/index.php?rest_route=%2Fwp%2Fv2%2Fcategories&post=9125"},{"taxonomy":"post_tag","embeddable":true,"href":"https:\/\/www.toque-musicall.com\/index.php?rest_route=%2Fwp%2Fv2%2Ftags&post=9125"}],"curies":[{"name":"wp","href":"https:\/\/api.w.org\/{rel}","templated":true}]}}