{"id":9128,"date":"2022-01-24T10:08:00","date_gmt":"2022-01-24T13:08:00","guid":{"rendered":"https:\/\/www.toque-musicall.com\/?p=9128"},"modified":"2022-01-30T10:13:10","modified_gmt":"2022-01-30T13:13:10","slug":"trio-esperanca-1965","status":"publish","type":"post","link":"https:\/\/www.toque-musicall.com\/?p=9128","title":{"rendered":"Trio Esperan\u00e7a (1965)"},"content":{"rendered":"\n<figure class=\"wp-block-image size-large\"><img decoding=\"async\" src=\"https:\/\/blogger.googleusercontent.com\/img\/a\/AVvXsEjLGZzqxu13xDHFcAvEovCufLIBd3RogDjElxi4Mc80ITK1gR63G18GVQdixd-C-3ZQSyu4D4XvmFYYa_Ek110kiv6GNZ4-7FaMVVlmS2edRjsuinZN9_WwMRDzbLxzzGyuIJvOHZQ4dw-jNBiA-u3WRDenE8iZyFHtPEW6IU2L4dhXZ0Z85jO1OUaKrA=w640-h634\" alt=\"\"\/><\/figure>\n\n\n\n<figure class=\"wp-block-image size-large\"><img decoding=\"async\" src=\"https:\/\/blogger.googleusercontent.com\/img\/a\/AVvXsEjAmbXyNmsFHgNM0C8ecAKAJ6VulYIxWn5OsfRmrJmDxrLgOYkuyLDckuxH5sz-khRUMkRVZ1ObkLfWTo8WAd80VBJyCX4M1sRIdd370qc1UAxY3mYsJOEr_KVuCyuwefrqfPtqK3dWGeJfdmu6WPgVaC0VnWy_hI1pcrAq4iRwarE2s8PoWgkEozLLCg=w640-h632\" alt=\"\"\/><\/figure>\n\n\n<div class=\"separator\">Boa hora, amigos cultos e ocultos! Em nossa \u00faltima semana de janeiro, ainda nos compactos, trago aqui este disquinho do Trio Esperan\u00e7a. Ele j\u00e1 foi apresentado aqui h\u00e1 algum tempo atr\u00e1s, mas em bloco, com outros discos de sete polegadas e na \u00e9poca foi sem a capa original. Assim, j\u00e1 com o disco na m\u00e3o, porque n\u00e3o post\u00e1-lo novamente, n\u00e9? \ud83d\ude42 Ent\u00e3o, aqui temos dois sucessos que ficaram marcados nos anos 60: &#8220;Festa do Bolinha&#8221;, m\u00fasica de Roberto e Erasmo Carlos\u00a0 e &#8220;Downtown&#8221;, hit internacional em uma vers\u00e3o de Rossini Pinto que se chamou &#8220;N\u00e3o me abandone&#8221;. Nada de novo no &#8216;front&#8217;, mas que agrada em cheio. Confiram no GTM&#8230;<\/div>\n<div class=\"separator\">\u00a0<\/div>\n<div class=\"separator\">n\u00e3o me abandone<\/div>\n<div class=\"separator\">festa do bolinha<\/div>\n<div class=\"separator\">\u00a0<\/div>\n<div class=\"separator\">\u00a0<\/div>\n<div class=\"separator\">\u00a0<\/div>","protected":false},"excerpt":{"rendered":"<p>Boa hora, amigos cultos e ocultos! Em nossa \u00faltima semana de janeiro, ainda nos compactos, trago aqui este disquinho do Trio Esperan\u00e7a. Ele j\u00e1 foi apresentado aqui h\u00e1 algum tempo atr\u00e1s, mas em bloco, com outros discos de sete polegadas &hellip; <a href=\"https:\/\/www.toque-musicall.com\/?p=9128\">Continue lendo <span class=\"meta-nav\">&rarr;<\/span><\/a><\/p>\n","protected":false},"author":1,"featured_media":0,"comment_status":"closed","ping_status":"closed","sticky":false,"template":"","format":"standard","meta":{"footnotes":""},"categories":[93,86,1,934],"tags":[3072,3153,3468],"class_list":["post-9128","post","type-post","status-publish","format-standard","hentry","category-compactos","category-selo-odeon","category-sem-categoria","category-trio-esperanca","tag-compactos","tag-selo-odeon","tag-trio-esperanca"],"_links":{"self":[{"href":"https:\/\/www.toque-musicall.com\/index.php?rest_route=\/wp\/v2\/posts\/9128","targetHints":{"allow":["GET"]}}],"collection":[{"href":"https:\/\/www.toque-musicall.com\/index.php?rest_route=\/wp\/v2\/posts"}],"about":[{"href":"https:\/\/www.toque-musicall.com\/index.php?rest_route=\/wp\/v2\/types\/post"}],"author":[{"embeddable":true,"href":"https:\/\/www.toque-musicall.com\/index.php?rest_route=\/wp\/v2\/users\/1"}],"replies":[{"embeddable":true,"href":"https:\/\/www.toque-musicall.com\/index.php?rest_route=%2Fwp%2Fv2%2Fcomments&post=9128"}],"version-history":[{"count":1,"href":"https:\/\/www.toque-musicall.com\/index.php?rest_route=\/wp\/v2\/posts\/9128\/revisions"}],"predecessor-version":[{"id":9129,"href":"https:\/\/www.toque-musicall.com\/index.php?rest_route=\/wp\/v2\/posts\/9128\/revisions\/9129"}],"wp:attachment":[{"href":"https:\/\/www.toque-musicall.com\/index.php?rest_route=%2Fwp%2Fv2%2Fmedia&parent=9128"}],"wp:term":[{"taxonomy":"category","embeddable":true,"href":"https:\/\/www.toque-musicall.com\/index.php?rest_route=%2Fwp%2Fv2%2Fcategories&post=9128"},{"taxonomy":"post_tag","embeddable":true,"href":"https:\/\/www.toque-musicall.com\/index.php?rest_route=%2Fwp%2Fv2%2Ftags&post=9128"}],"curies":[{"name":"wp","href":"https:\/\/api.w.org\/{rel}","templated":true}]}}