{"id":913,"date":"2010-03-08T00:46:00","date_gmt":"2010-03-08T00:46:00","guid":{"rendered":"http:\/\/www.toque-musicall.com\/?p=913"},"modified":"2010-03-08T00:46:00","modified_gmt":"2010-03-08T00:46:00","slug":"odair-cabeca-de-poeta-capote-rebulico-1979","status":"publish","type":"post","link":"https:\/\/www.toque-musicall.com\/?p=913","title":{"rendered":"Odair Cabe\u00e7a de Poeta &#038; Capote &#8211; Rebuli\u00e7o (1979)"},"content":{"rendered":"<p><a href=\"http:\/\/2.bp.blogspot.com\/_DSKVEvHtskc\/S5RJovp9vcI\/AAAAAAAAGRo\/PZOE6ec7CX8\/s1600-h\/DSCN3686+P.JPG\"><img decoding=\"async\" style=\"TEXT-ALIGN: center; MARGIN: 0px auto 10px; WIDTH: 400px; DISPLAY: block; HEIGHT: 398px; CURSOR: hand\" id=\"BLOGGER_PHOTO_ID_5446058813733846466\" border=\"0\" alt=\"\" src=\"http:\/\/2.bp.blogspot.com\/_DSKVEvHtskc\/S5RJovp9vcI\/AAAAAAAAGRo\/PZOE6ec7CX8\/s400\/DSCN3686+P.JPG\" \/><\/a> Ol\u00e1 amigos cultos e ocultos! Pelo que eu vejo, a minha aus\u00eancia j\u00e1 despertou preocupa\u00e7\u00e3o. Meu final de semana foi ocupad\u00edssimo por isso na sexta-feira eu preparei uma postagem agendada, mas por alguma raz\u00e3o ela n\u00e3o entrou e eu s\u00f3 percebi isso agora a noite quando cheguei para a postagem do domingo. Estamos atrasados, mas estamos em dia \ud83d\ude09<br \/>Vamos na sequ\u00eancia trazendo mais um disco do <a href=\"http:\/\/toque-musicall.blogspot.com\/search\/label\/Odair%20Cabe%C3%A7a%20de%20Poeta\">Odair Cabe\u00e7a de Poeta <\/a>e seu Grupo Capote. &#8220;Reboli\u00e7o&#8221; \u00e9 outro dos excelentes \u00e1lbuns desse artista baiano que sumiu da pra\u00e7a. H\u00e1 muito eu n\u00e3o vejo (e nem escuto) um disco novo dele. Neste lp, lan\u00e7ado em 1979, o Odair conta com participa\u00e7\u00f5es importantes como Clementina de Jesus, Vicente Barreto e Oswaldinho do Acordeon. Confiram a\u00ed, pois eu aqui j\u00e1 vou indo que amanh\u00e3 tem mais&#8230;<\/p>\n<div align=\"center\">fada fa\u00e7a aquilo<\/div>\n<div align=\"center\">o casamento e o frango<\/div>\n<div align=\"center\">terra<\/div>\n<div align=\"center\">a outra que h\u00e1 outra<\/div>\n<div align=\"center\">n\u00e3o \u00e9 navio&#8230; \u00e9 um barco<\/div>\n<div align=\"center\">rebuli\u00e7o<\/div>\n<div align=\"center\">jamais<\/div>\n<div align=\"center\">pol\u00edtica do acaraj\u00e9<\/div>\n<div align=\"center\">doce sonho doce<\/div>\n<div align=\"center\">n\u00e3o deixe de lembrar<\/div>\n<div align=\"center\">big boy<\/div>\n<div align=\"center\">antibi\u00f3tico<\/div>\n<div align=\"center\"><\/div>\n<div align=\"center\"><\/div>\n","protected":false},"excerpt":{"rendered":"<p>Ol\u00e1 amigos cultos e ocultos! Pelo que eu vejo, a minha aus\u00eancia j\u00e1 despertou preocupa\u00e7\u00e3o. Meu final de semana foi ocupad\u00edssimo por isso na sexta-feira eu preparei uma postagem agendada, mas por alguma raz\u00e3o ela n\u00e3o entrou e eu s\u00f3 &hellip; <a href=\"https:\/\/www.toque-musicall.com\/?p=913\">Continue lendo <span class=\"meta-nav\">&rarr;<\/span><\/a><\/p>\n","protected":false},"author":1,"featured_media":0,"comment_status":"open","ping_status":"closed","sticky":false,"template":"","format":"standard","meta":{"footnotes":""},"categories":[1226],"tags":[],"class_list":["post-913","post","type-post","status-publish","format-standard","hentry","category-odair-cabeca-de-poeta"],"_links":{"self":[{"href":"https:\/\/www.toque-musicall.com\/index.php?rest_route=\/wp\/v2\/posts\/913","targetHints":{"allow":["GET"]}}],"collection":[{"href":"https:\/\/www.toque-musicall.com\/index.php?rest_route=\/wp\/v2\/posts"}],"about":[{"href":"https:\/\/www.toque-musicall.com\/index.php?rest_route=\/wp\/v2\/types\/post"}],"author":[{"embeddable":true,"href":"https:\/\/www.toque-musicall.com\/index.php?rest_route=\/wp\/v2\/users\/1"}],"replies":[{"embeddable":true,"href":"https:\/\/www.toque-musicall.com\/index.php?rest_route=%2Fwp%2Fv2%2Fcomments&post=913"}],"version-history":[{"count":0,"href":"https:\/\/www.toque-musicall.com\/index.php?rest_route=\/wp\/v2\/posts\/913\/revisions"}],"wp:attachment":[{"href":"https:\/\/www.toque-musicall.com\/index.php?rest_route=%2Fwp%2Fv2%2Fmedia&parent=913"}],"wp:term":[{"taxonomy":"category","embeddable":true,"href":"https:\/\/www.toque-musicall.com\/index.php?rest_route=%2Fwp%2Fv2%2Fcategories&post=913"},{"taxonomy":"post_tag","embeddable":true,"href":"https:\/\/www.toque-musicall.com\/index.php?rest_route=%2Fwp%2Fv2%2Ftags&post=913"}],"curies":[{"name":"wp","href":"https:\/\/api.w.org\/{rel}","templated":true}]}}