{"id":9130,"date":"2022-01-25T21:45:00","date_gmt":"2022-01-26T00:45:00","guid":{"rendered":"https:\/\/www.toque-musicall.com\/?p=9130"},"modified":"2022-01-30T23:39:24","modified_gmt":"2022-01-31T02:39:24","slug":"edson-da-paz-vem-cantar-comigo-1981","status":"publish","type":"post","link":"https:\/\/www.toque-musicall.com\/?p=9130","title":{"rendered":"Edson Da Paz &#8211; Vem Cantar Comigo (1981)\u00a0"},"content":{"rendered":"\n<figure class=\"wp-block-image size-large\"><img decoding=\"async\" src=\"https:\/\/blogger.googleusercontent.com\/img\/a\/AVvXsEgxgAtAVvkHhYP5RiDeCvqjyvuIlRg83UCb9mTD81sfZZUXb7PtBZKo5Md_Ccs_NXi6TvwlBkxeUbUUqlUQ4WMC1sXqiubtWEQNVc7hmIJGrLZ2YiDczThljq79Tslpq7wJCz_LfW2W6tLBAQZkmWukIlgI28mtMKsr_-GiI9mmu5WR42EGKc_KgegPfw=w640-h632\" alt=\"\"\/><\/figure>\n\n\n\n<figure class=\"wp-block-image size-large\"><img decoding=\"async\" src=\"https:\/\/blogger.googleusercontent.com\/img\/a\/AVvXsEhBqkKASsEIy_kl7z0q2ZZKMG9M9coIna_s7YkbH_tqwsR6baB3UhqCqN6V_A0mQyrpJV08DscqaJwfYEvmzZgsWNDJuXhk-guDqyzyF5t2JRI61R3cJ9_yuveGNDU4OKtVCEkYFU_2jZDzlmjH3hkK5_oGc3P3vjnMHRO5WURQKeVqPOuNchifp6yw9A=w636-h640\" alt=\"\"\/><\/figure>\n\n\n<div class=\"separator\">Bom dia, amigos cultos e ocultos! Aqui vamos n\u00f3s, mais uma vez, ouvindo discos com outros olhos&#8230; Eis que me cai \u00e0s m\u00e3os este disquinho, um compacto com uma capa que me chamou a aten\u00e7\u00e3o. Edson da Paz, quem seria? Pela capa, logo pensei se tratar de um samba-rock. O nosso artista aqui \u00e9 bem estiloso, de cabelo &#8216;blackpower&#8217;, \u00f3culos tipo ray-ban e uma guitarra nas m\u00e3os. Estava eu com os ouvidos bem abertos achando que viria alguma coisa swingada&#8230; qual o qu\u00ea&#8230; N\u00e3o foi de todo uma decep\u00e7\u00e3o, at\u00e9 porque quem v\u00ea capa n\u00e3o ouve a can\u00e7\u00e3o. E l\u00e1 estava eu descobrindo o Edson da Paz. O compacto foi lan\u00e7ado em 1981, mas tem aquele ran\u00e7o de 10 anos tr\u00e1s, aquela pegada meio brega, meio p\u00f3s jovem guarda, aquela influ\u00eancia &#8216;robertocaliana&#8217; at\u00e9 mesmo nos timbres vocais deste cantor. \u00c9 mesmo curioso e disso eu gosto bem e acho que cabe aqui como uma luva, afinal, adoramos as obscuridades &#8216;fonomusicais&#8217;, n\u00e3o \u00e9 mesmo? Pois bem, mas eis que numa pesquisa r\u00e1pida pelo Google, descubro que Edson da Paz continua em atividade. \u00c9 conhecido como o &#8220;Cantor Especial&#8221;, um artista com defici\u00eancias, ele \u00e9 cadeirante. Segundo informa\u00e7\u00f5es, ele \u00e9 um cantor palestrante, que se dedica a levar mensagem positivas e de esperan\u00e7as ao seu p\u00fablico. Tamb\u00e9m se apresenta em pra\u00e7as, principalmente na cidade de Aparecida do Norte (SP). Gravou v\u00e1rios discos, vinil e cds e tamb\u00e9m foi candidato a deputado federal, pelo PT. \u00c9 um aut\u00eantico artista popular, alagoano que fez sua fama em S\u00e3o Paulo. Confiram este disquinho&#8230;<\/div>\n<div class=\"separator\">\u00a0<\/div>\n<div class=\"separator\">vem cantar comigo<\/div>\n<div class=\"separator\">e foi assim<\/div>\n<div class=\"separator\">\u00a0<\/div>\n<div class=\"separator\">\u00a0<\/div>\n<div class=\"separator\">.<\/div>","protected":false},"excerpt":{"rendered":"<p>Bom dia, amigos cultos e ocultos! Aqui vamos n\u00f3s, mais uma vez, ouvindo discos com outros olhos&#8230; Eis que me cai \u00e0s m\u00e3os este disquinho, um compacto com uma capa que me chamou a aten\u00e7\u00e3o. Edson da Paz, quem seria? &hellip; <a href=\"https:\/\/www.toque-musicall.com\/?p=9130\">Continue lendo <span class=\"meta-nav\">&rarr;<\/span><\/a><\/p>\n","protected":false},"author":1,"featured_media":0,"comment_status":"closed","ping_status":"closed","sticky":false,"template":"","format":"standard","meta":{"footnotes":""},"categories":[3787,93,4959,25,4960],"tags":[3072,4961,3017],"class_list":["post-9130","post","type-post","status-publish","format-standard","hentry","category-compacto","category-compactos","category-edson-da-paz","category-selo-independente","category-seoo-independente","tag-compactos","tag-edson-da-paz","tag-selo-independente"],"_links":{"self":[{"href":"https:\/\/www.toque-musicall.com\/index.php?rest_route=\/wp\/v2\/posts\/9130","targetHints":{"allow":["GET"]}}],"collection":[{"href":"https:\/\/www.toque-musicall.com\/index.php?rest_route=\/wp\/v2\/posts"}],"about":[{"href":"https:\/\/www.toque-musicall.com\/index.php?rest_route=\/wp\/v2\/types\/post"}],"author":[{"embeddable":true,"href":"https:\/\/www.toque-musicall.com\/index.php?rest_route=\/wp\/v2\/users\/1"}],"replies":[{"embeddable":true,"href":"https:\/\/www.toque-musicall.com\/index.php?rest_route=%2Fwp%2Fv2%2Fcomments&post=9130"}],"version-history":[{"count":1,"href":"https:\/\/www.toque-musicall.com\/index.php?rest_route=\/wp\/v2\/posts\/9130\/revisions"}],"predecessor-version":[{"id":9131,"href":"https:\/\/www.toque-musicall.com\/index.php?rest_route=\/wp\/v2\/posts\/9130\/revisions\/9131"}],"wp:attachment":[{"href":"https:\/\/www.toque-musicall.com\/index.php?rest_route=%2Fwp%2Fv2%2Fmedia&parent=9130"}],"wp:term":[{"taxonomy":"category","embeddable":true,"href":"https:\/\/www.toque-musicall.com\/index.php?rest_route=%2Fwp%2Fv2%2Fcategories&post=9130"},{"taxonomy":"post_tag","embeddable":true,"href":"https:\/\/www.toque-musicall.com\/index.php?rest_route=%2Fwp%2Fv2%2Ftags&post=9130"}],"curies":[{"name":"wp","href":"https:\/\/api.w.org\/{rel}","templated":true}]}}