{"id":9132,"date":"2022-01-26T21:49:00","date_gmt":"2022-01-27T00:49:00","guid":{"rendered":"https:\/\/www.toque-musicall.com\/?p=9132"},"modified":"2022-01-31T07:24:01","modified_gmt":"2022-01-31T10:24:01","slug":"uita-nunes-machado-pagina-da-poetisa-1967-%ef%bf%bc%ef%bf%bc","status":"publish","type":"post","link":"https:\/\/www.toque-musicall.com\/?p=9132","title":{"rendered":"UIta Nunes Machado &#8211; P\u00e1gina Da Poetisa (1967)"},"content":{"rendered":"\n<figure class=\"wp-block-image size-large\"><img decoding=\"async\" src=\"https:\/\/blogger.googleusercontent.com\/img\/a\/AVvXsEhxZyzqagAhdR2Gb2ULUa39e08HsF_g3_4oyRZ9Jf0SR9u0aYm5BmLpWXbHlYa3xeVl5Wd9UUGYYuDUT6Dj_CvrW89xG846ymi5ws7D4bvLxPEEhMBnsCT_IFckHFoSzOEZLm-XqjixdrinDGslDzeXQlIg5lS32I2ykpOgb6DzvGExMdMrUSJ6vG5yfA=w622-h640\" alt=\"\"\/><\/figure>\n\n\n\n<figure class=\"wp-block-image size-large\"><img decoding=\"async\" src=\"https:\/\/blogger.googleusercontent.com\/img\/a\/AVvXsEhiLP3f11eppoCchD0PjMIqKC2btm6gaLjGv7A5nxLTNuEA9B3XfJary760VEpq73mBAHI8Buo-8V2anxczsHlYjhdhBRmrcLqS1agJwzew3w8rG_EE4SQFA5MZIdIxNfw5ZUwG44tLRraLm83JQ5dQ0l717WnlyhxW5YTPSqV2hZ_yPUPxjWhNjH0spA=w634-h640\" alt=\"\"\/><\/figure>\n\n\n<div class=\"separator\">Ol\u00e1, amigos cultos e ocultos! Aqui vai mais uma curiosidade fonogr\u00e1fica extra\u00edda por debaixo da poeira do tempo. Mais um disquinho obscuro que teria passado batido, n\u00e3o tivesse antes ca\u00eddo em nossa gra\u00e7a. Como todos j\u00e1 devem saber, o Toque Musical se destaca pela variedade. Aqui cabe m\u00fasica, mas tamb\u00e9m cabe qualquer coisa produzida para ser um fonograma, de textos narrativos, poesias e hist\u00f3rias a documentos sonoros, jingles e at\u00e9 mesmo toques, barulhos e efeitos sonoros. Afinal, para um bom ouvido, tudo pode ser m\u00fasica, inclusive poesia. E sobre poesia que nos encontramos agora. Eis aqui este obscuro disquinho de sete polegadas, uma produ\u00e7\u00e3o independente de 1967, coisa feita aqui mesmo na capital da &#8216;Geraes&#8217;. Um disco de sete polegadas que cumpre aqui o seu papel de compacto, mas compacto n\u00e3o de um lp, mas de um livro. Sim, aqui temos uma amostra com quatro poemas da poetisa Ulta Nunes Machado, um nome o qual eu n\u00e3o encontrei nenhuma refer\u00eancia na enciclop\u00e9dia Google. Por certo, esta ser\u00e1 a primeira men\u00e7\u00e3o a esta poetisa e tamb\u00e9m a esse disquinho raro. Suas poesias s\u00e3o interpretadas pelo mo\u00e7o, gal\u00e3 da foto e quase meu xar\u00e1, Antonio Augusto, que conta ainda com um fundo musical feito pelo violonista Jos\u00e9 Eug\u00eanio. Ao que se entende, este compacto foi uma pr\u00e9via do livro de poesias de Ulta Nunes Machado que estava par ser lan\u00e7ado.\u00a0<\/div>\n<div class=\"separator\">\u00a0<\/div>\n<div class=\"separator\">jornada<\/div>\n<div class=\"separator\">resigna\u00e7\u00e3o<\/div>\n<div class=\"separator\">advert\u00eancia<\/div>\n<div class=\"separator\">meus versos<\/div>\n<div class=\"separator\">\u00a0<\/div>\n<div class=\"separator\">\u00a0<\/div>\n<div class=\"separator\">.<\/div>","protected":false},"excerpt":{"rendered":"<p>Ol\u00e1, amigos cultos e ocultos! Aqui vai mais uma curiosidade fonogr\u00e1fica extra\u00edda por debaixo da poeira do tempo. Mais um disquinho obscuro que teria passado batido, n\u00e3o tivesse antes ca\u00eddo em nossa gra\u00e7a. Como todos j\u00e1 devem saber, o Toque &hellip; <a href=\"https:\/\/www.toque-musicall.com\/?p=9132\">Continue lendo <span class=\"meta-nav\">&rarr;<\/span><\/a><\/p>\n","protected":false},"author":1,"featured_media":0,"comment_status":"closed","ping_status":"closed","sticky":false,"template":"","format":"standard","meta":{"footnotes":""},"categories":[3787,93,318,25,4962],"tags":[3072,3383,3017,4963],"class_list":["post-9132","post","type-post","status-publish","format-standard","hentry","category-compacto","category-compactos","category-poesia","category-selo-independente","category-uita-nunes-machado","tag-compactos","tag-poesias","tag-selo-independente","tag-ulta-nunes-machado"],"_links":{"self":[{"href":"https:\/\/www.toque-musicall.com\/index.php?rest_route=\/wp\/v2\/posts\/9132","targetHints":{"allow":["GET"]}}],"collection":[{"href":"https:\/\/www.toque-musicall.com\/index.php?rest_route=\/wp\/v2\/posts"}],"about":[{"href":"https:\/\/www.toque-musicall.com\/index.php?rest_route=\/wp\/v2\/types\/post"}],"author":[{"embeddable":true,"href":"https:\/\/www.toque-musicall.com\/index.php?rest_route=\/wp\/v2\/users\/1"}],"replies":[{"embeddable":true,"href":"https:\/\/www.toque-musicall.com\/index.php?rest_route=%2Fwp%2Fv2%2Fcomments&post=9132"}],"version-history":[{"count":3,"href":"https:\/\/www.toque-musicall.com\/index.php?rest_route=\/wp\/v2\/posts\/9132\/revisions"}],"predecessor-version":[{"id":9144,"href":"https:\/\/www.toque-musicall.com\/index.php?rest_route=\/wp\/v2\/posts\/9132\/revisions\/9144"}],"wp:attachment":[{"href":"https:\/\/www.toque-musicall.com\/index.php?rest_route=%2Fwp%2Fv2%2Fmedia&parent=9132"}],"wp:term":[{"taxonomy":"category","embeddable":true,"href":"https:\/\/www.toque-musicall.com\/index.php?rest_route=%2Fwp%2Fv2%2Fcategories&post=9132"},{"taxonomy":"post_tag","embeddable":true,"href":"https:\/\/www.toque-musicall.com\/index.php?rest_route=%2Fwp%2Fv2%2Ftags&post=9132"}],"curies":[{"name":"wp","href":"https:\/\/api.w.org\/{rel}","templated":true}]}}