{"id":9138,"date":"2022-01-27T22:25:00","date_gmt":"2022-01-28T01:25:00","guid":{"rendered":"https:\/\/www.toque-musicall.com\/?p=9138"},"modified":"2022-01-30T23:26:27","modified_gmt":"2022-01-31T02:26:27","slug":"fagner-compacto-1972","status":"publish","type":"post","link":"https:\/\/www.toque-musicall.com\/?p=9138","title":{"rendered":"Fagner &#8211; Compacto (1972)"},"content":{"rendered":"\n<figure class=\"wp-block-image size-large\"><img decoding=\"async\" src=\"https:\/\/blogger.googleusercontent.com\/img\/a\/AVvXsEgCIJmeD_Y6XObD12WmATd7pRg_XHXQlCaSbHrCeQXGJERKdJAJL6x3un9T1eEGNY5P_F8pnZeaTqEjXSohOns95aiXdXlgSE7Wtytn8tCupzYVKEL5_OTczVOzYdrTatT5UYXn9ubxaNbYAvHxVEyvn3vGJ64Bwo6LzzQEtjjoieUUE4BtZ6Im0aMH_A=w640-h640\" alt=\"\"\/><\/figure>\n\n\n\n<figure class=\"wp-block-image size-large\"><img decoding=\"async\" src=\"https:\/\/blogger.googleusercontent.com\/img\/a\/AVvXsEgBhqiXCfDK3UnhdLmuHpaJBHmZXwyuJ3yBfN8mgwhEEnpEVca-Gj-P53MjleOhEVVWK8oordkXcJG7gKtkPW27eMUosuWf06KiZU_Oj8KY8b_YmTRsBbhzv28L1y7HcEf0YUyPuggOSBDUugzJPoag8G_hIba1BOwtpdnr-9nSW3SYmdK9oZE5ae74zg=w624-h640\" alt=\"\"\/><\/figure>\n\n\n<div class=\"separator\">Boa noite, meus caros e prezados amigos cultos e ocultos! Hoje nosso encontro \u00e9 com Fagner, Raimundo Fagner, em seu primeiro disco, no caso, um compacto duplo lan\u00e7ado em 1972. Fagner havia chegado ao Rio de Janeiro h\u00e1 pouco tempo, mas j\u00e1 trazia na bagagem um curr\u00edculo interessante, que logo foi notado. Quem primeiro gravou sua m\u00fasica foi Elis Regina, uma garantia de sucesso para qualquer compositor e foi nessas e outras que o cearense logo conseguiu um contrato com a Philips para gravar este disquinho, um compacto com quatro m\u00fasicas, tendo como carro-chefe a faixa &#8220;Cavalo Ferro&#8221;. Aqui tamb\u00e9m est\u00e1 presente &#8220;Quatro graus&#8221;, m\u00fasica sua que concorreu ao VII FIC, mas foi desclassificada. Confiram no GTM mais este disquinho, que hoje \u00e9 coisa rara.<\/div>\n<div class=\"separator\">\u00a0<\/div>\n<div class=\"separator\">cavalo ferro<\/div>\n<div class=\"separator\">am\u00e9m am\u00e9m<\/div>\n<div class=\"separator\">fim do mundo<\/div>\n<div class=\"separator\">quatro graus<\/div>\n<div class=\"separator\">\u00a0<\/div>\n<div class=\"separator\">\u00a0<\/div>\n<div class=\"separator\">.<\/div>","protected":false},"excerpt":{"rendered":"<p>Boa noite, meus caros e prezados amigos cultos e ocultos! Hoje nosso encontro \u00e9 com Fagner, Raimundo Fagner, em seu primeiro disco, no caso, um compacto duplo lan\u00e7ado em 1972. Fagner havia chegado ao Rio de Janeiro h\u00e1 pouco tempo, &hellip; <a href=\"https:\/\/www.toque-musicall.com\/?p=9138\">Continue lendo <span class=\"meta-nav\">&rarr;<\/span><\/a><\/p>\n","protected":false},"author":1,"featured_media":0,"comment_status":"closed","ping_status":"closed","sticky":false,"template":"","format":"standard","meta":{"footnotes":""},"categories":[4369,132,48,1],"tags":[3072,4964,3012],"class_list":["post-9138","post","type-post","status-publish","format-standard","hentry","category-comapctos","category-fagner","category-selo-philips","category-sem-categoria","tag-compactos","tag-fagner","tag-selo-philips"],"_links":{"self":[{"href":"https:\/\/www.toque-musicall.com\/index.php?rest_route=\/wp\/v2\/posts\/9138","targetHints":{"allow":["GET"]}}],"collection":[{"href":"https:\/\/www.toque-musicall.com\/index.php?rest_route=\/wp\/v2\/posts"}],"about":[{"href":"https:\/\/www.toque-musicall.com\/index.php?rest_route=\/wp\/v2\/types\/post"}],"author":[{"embeddable":true,"href":"https:\/\/www.toque-musicall.com\/index.php?rest_route=\/wp\/v2\/users\/1"}],"replies":[{"embeddable":true,"href":"https:\/\/www.toque-musicall.com\/index.php?rest_route=%2Fwp%2Fv2%2Fcomments&post=9138"}],"version-history":[{"count":1,"href":"https:\/\/www.toque-musicall.com\/index.php?rest_route=\/wp\/v2\/posts\/9138\/revisions"}],"predecessor-version":[{"id":9139,"href":"https:\/\/www.toque-musicall.com\/index.php?rest_route=\/wp\/v2\/posts\/9138\/revisions\/9139"}],"wp:attachment":[{"href":"https:\/\/www.toque-musicall.com\/index.php?rest_route=%2Fwp%2Fv2%2Fmedia&parent=9138"}],"wp:term":[{"taxonomy":"category","embeddable":true,"href":"https:\/\/www.toque-musicall.com\/index.php?rest_route=%2Fwp%2Fv2%2Fcategories&post=9138"},{"taxonomy":"post_tag","embeddable":true,"href":"https:\/\/www.toque-musicall.com\/index.php?rest_route=%2Fwp%2Fv2%2Ftags&post=9138"}],"curies":[{"name":"wp","href":"https:\/\/api.w.org\/{rel}","templated":true}]}}