{"id":9140,"date":"2022-01-28T23:18:00","date_gmt":"2022-01-29T02:18:00","guid":{"rendered":"https:\/\/www.toque-musicall.com\/?p=9140"},"modified":"2022-01-30T23:33:56","modified_gmt":"2022-01-31T02:33:56","slug":"dick-farney-e-sua-orquestra-compacto-1963","status":"publish","type":"post","link":"https:\/\/www.toque-musicall.com\/?p=9140","title":{"rendered":"Dick Farney E Sua Orquestra &#8211; Compacto (1963)"},"content":{"rendered":"\n<figure class=\"wp-block-image size-large\"><img decoding=\"async\" src=\"https:\/\/blogger.googleusercontent.com\/img\/a\/AVvXsEhLLhnzbL5-hrFDKgd1csFdij71ix51_zV6ozOhgicnmuTiLipApqThP-RLnVbNflB4vBRdpEDvEgrwxjUqjocAOzzXPJlBWGX7A-WqFKv7ORk3nFIbPI2Y5UJvNtkF6YvhB29NSOvMm8MaqbanBTd13w-RiQFbKDjkRphQOXMDPrfENj4jwFzSZpFXRA=w636-h640\" alt=\"\"\/><\/figure>\n\n\n\n<figure class=\"wp-block-image size-large\"><img decoding=\"async\" src=\"https:\/\/blogger.googleusercontent.com\/img\/a\/AVvXsEjfOSddyBuBX3Zg_-Yud5EDsp0BV4eQpVb5KfaPySRNeHPSj0UdHzYcEazZCipVUSVF6T8QiwW3ipX5x_biCfLNG8ewPqf_EMNB3ATPO-6HGmh7KzwIUErsrJwQjnORuUior9tgbulhiaJstN8TDtabB7f8O_fcP7g6Ts_YJ2faQN1rnHJYFewfXKJfjA=w632-h640\" alt=\"\"\/><\/figure>\n\n\n<div class=\"separator\">Boa hora a todos, amigos cultos e ocultos! Um artista que sempre gostamos de ver (e ouvir) no Toque Musical \u00e9 o Dick Farney. E aqui est\u00e1 ele novamente, marcando presen\u00e7a com sua orquestra, neste disquinho de 7 polegadas, lan\u00e7ado em 1963 pelo selo RGE. Como podemos ver logo na contracapa, aqui temos uma sele\u00e7\u00e3o de ouro para este compacto duplo, com quatro sambas cl\u00e1ssicos, a ver e ouvir com prazer&#8230;<\/div>\n<div class=\"separator\">\u00a0<\/div>\n<div class=\"separator\">ser ou n\u00e3o ser<\/div>\n<div class=\"separator\">ningu\u00e9m na rua<\/div>\n<div class=\"separator\">teresa da praia<\/div>\n<div class=\"separator\">medita\u00e7\u00e3o<\/div>\n<div>\u00a0<\/div>\n<div>\u00a0<\/div>\n<div class=\"separator\">\u00a0<\/div>\n<div class=\"separator\">.<\/div>","protected":false},"excerpt":{"rendered":"<p>Boa hora a todos, amigos cultos e ocultos! Um artista que sempre gostamos de ver (e ouvir) no Toque Musical \u00e9 o Dick Farney. E aqui est\u00e1 ele novamente, marcando presen\u00e7a com sua orquestra, neste disquinho de 7 polegadas, lan\u00e7ado &hellip; <a href=\"https:\/\/www.toque-musicall.com\/?p=9140\">Continue lendo <span class=\"meta-nav\">&rarr;<\/span><\/a><\/p>\n","protected":false},"author":1,"featured_media":0,"comment_status":"closed","ping_status":"closed","sticky":false,"template":"","format":"standard","meta":{"footnotes":""},"categories":[3787,93,392,153,1],"tags":[3072,3622,3091],"class_list":["post-9140","post","type-post","status-publish","format-standard","hentry","category-compacto","category-compactos","category-dick-farney","category-selo-rge","category-sem-categoria","tag-compactos","tag-dick-farney","tag-selo-rge"],"_links":{"self":[{"href":"https:\/\/www.toque-musicall.com\/index.php?rest_route=\/wp\/v2\/posts\/9140","targetHints":{"allow":["GET"]}}],"collection":[{"href":"https:\/\/www.toque-musicall.com\/index.php?rest_route=\/wp\/v2\/posts"}],"about":[{"href":"https:\/\/www.toque-musicall.com\/index.php?rest_route=\/wp\/v2\/types\/post"}],"author":[{"embeddable":true,"href":"https:\/\/www.toque-musicall.com\/index.php?rest_route=\/wp\/v2\/users\/1"}],"replies":[{"embeddable":true,"href":"https:\/\/www.toque-musicall.com\/index.php?rest_route=%2Fwp%2Fv2%2Fcomments&post=9140"}],"version-history":[{"count":3,"href":"https:\/\/www.toque-musicall.com\/index.php?rest_route=\/wp\/v2\/posts\/9140\/revisions"}],"predecessor-version":[{"id":9143,"href":"https:\/\/www.toque-musicall.com\/index.php?rest_route=\/wp\/v2\/posts\/9140\/revisions\/9143"}],"wp:attachment":[{"href":"https:\/\/www.toque-musicall.com\/index.php?rest_route=%2Fwp%2Fv2%2Fmedia&parent=9140"}],"wp:term":[{"taxonomy":"category","embeddable":true,"href":"https:\/\/www.toque-musicall.com\/index.php?rest_route=%2Fwp%2Fv2%2Fcategories&post=9140"},{"taxonomy":"post_tag","embeddable":true,"href":"https:\/\/www.toque-musicall.com\/index.php?rest_route=%2Fwp%2Fv2%2Ftags&post=9140"}],"curies":[{"name":"wp","href":"https:\/\/api.w.org\/{rel}","templated":true}]}}