{"id":9145,"date":"2022-01-29T18:08:00","date_gmt":"2022-01-29T21:08:00","guid":{"rendered":"https:\/\/www.toque-musicall.com\/?p=9145"},"modified":"2022-02-02T10:00:38","modified_gmt":"2022-02-02T13:00:38","slug":"jards-macale-so-morto-burning-night-1970-%ef%bf%bc%ef%bf%bc","status":"publish","type":"post","link":"https:\/\/www.toque-musicall.com\/?p=9145","title":{"rendered":"Jards Macal\u00e9 &#8211; S\u00f3 Morto (Burning Night) (1970)"},"content":{"rendered":"\n<figure class=\"wp-block-image size-large\"><img decoding=\"async\" src=\"https:\/\/blogger.googleusercontent.com\/img\/a\/AVvXsEjveV41TCdCGiAG-cXRbYXG6_xyi9wzaal2A1bmX1XNxQXI4HmmzLSsTX1mw0dc057TWZ1ooqJLhjkE-pj93Xu4V1HMP6raU52CkMI4GadFtx23VcaG5bq-6vpJMSyhQWUXYvRMP0YO0_iUrBJk41cWhwkcQnV564KjwFjI9PxBq951Bd--X1l89U3_5A=s937\" alt=\"\"\/><\/figure>\n\n\n\n<figure class=\"wp-block-image size-large\"><img decoding=\"async\" src=\"https:\/\/blogger.googleusercontent.com\/img\/a\/AVvXsEjGwOiVJv7L1BZJvd41UbmeTaNxA8E-EohMEm2SdJqOoHBRzTRAtJJY3h3j5G5m0MupgmugfP35mO5I3ZVWiHRSHXhcUWYRR819TBDD97Eu-2BhkVtfVQLdMquJ5Gl52-_QK3Sm5vhMBXG4j-Q8x9r4y7kQ3jcpQqVn_UdqUP0dDeFrZHbFD0YloFmJ-w=s934\" alt=\"\"\/><\/figure>\n\n\n<div class=\"separator\">Boa hora, amigos cultos e ocultos! Nada como ser independente, n\u00e3o estar atrelado a regras e poder seguir livremente fazendo as coisas do jeito que a gente quer. Me refiro, por certo, ao pr\u00f3prio blog Toque Musical, esse &#8216;arremedo informativo fonomusical&#8217; que est\u00e1 na ativa j\u00e1 h\u00e1 quase quinze anos. Sabemos o quanto somos menosprezados pela turma dos expertise da m\u00fasica, gente graduada que escreve em jornais e revistas, publicam livros e coisa e tal, mas torcem o nariz para o nosso blog. Eu at\u00e9 entendo, principalmente por conta de uma certa vaidade e orgulho, ter seu nome associado ao TM pode&nbsp; por em descr\u00e9dito o profissionalismo. E isso se d\u00e1 pelo fato de n\u00e3o termos normas, por ser um blog que compartilha no assunto da m\u00fasica o fundamental, a pr\u00f3pria m\u00fasica. Ainda hoje somos associados a pirataria, como se tiv\u00e9ssemos mesmo interessados em fazer dinheiro. Estamos h\u00e1 15 anos por aqui e ao contr\u00e1rio do que possa parecer, nunca ganhamos nada al\u00e9m da satisfa\u00e7\u00e3o de apresentar diariamente uma produ\u00e7\u00e3o fonogr\u00e1fica, coisa que, mod\u00e9stia a parte n\u00f3s, os blogs musicais, ajudamos a resgatar. Sinceramente, acho mesmo at\u00e9 bom que n\u00e3o tenhamos nos vinculado a parceiros robustos. Por certo, numa dessas j\u00e1 ter\u00edamos fechado as portas, como fizeram tantos outros blogs, seja pela pretens\u00e3o ou pela falta mesmo de est\u00edmulos (melhor um incompetente animado do que um competente limitado). \u00c9 \u00f3timo trabalhar assim, sem amarras, sem uma ordem que nos imponha limite. \u00c9 bom contar com parceiros que se unem ao TM apenas pelo prazer em cooperar. E se ainda estamos no jogo, isso se deve ao fato de somos exatamente isso o que queremos ser, um blog de car\u00e1ter pessoal, que posta e compartilha em seu grupo privado, o GTM, o conte\u00fado de suas publica\u00e7\u00f5es. Alguns, por certo, ir\u00e3o questionar o fato de pedirmos doa\u00e7\u00e3o, coisa que fazemos somente e mediante a solicita\u00e7\u00e3o para postagens antigas cujo os links j\u00e1 tenham caducado. Consideramos isso como uma contrapartida, um valor simb\u00f3lico que nos ajuda a manter a hospedagem da vers\u00e3o WordPress e sua manuten\u00e7\u00e3o, nada a mais. Nosso ganho \u00e9 apenas o prazer de fazermos novas amizades e nesse sentido, temos os melhores amigos cultos e ocultos do mundo, que s\u00e3o voc\u00eas&#8230;<\/div>\n<div class=\"separator\">Mas, deixemos esse assunto para um pr\u00f3ximo momento, vamos dando sequencia \u00e0s nossas postagens que hoje est\u00e1 trazendo o genial Jards Macal\u00e9. J\u00e1 o apresentamos aqui em outros trabalhos, mas como estamos na onda dos discos de sete polegadas, vamos aproveitar a oportunidade para postarmos dele este disquinho que foi seu filho primog\u00eanito, um compacto duplo lan\u00e7ado pela RGE, em 1970. &#8220;S\u00f3 morto (burning night)&#8221; foi um trabalho produzido pelo pr\u00f3prio Macal\u00e9 e por Carlos Eduardo Machado, contou com a participa\u00e7\u00e3o de um time de primeira linha, como se pode ver na ficha da contracapa. Trazia o grupo de rock carioca Soma, Z\u00e9 Rodrix no piano e org\u00e3o e Nan\u00e1 Vasconcelos na percuss\u00e3o. As quatro m\u00fasicas que comp\u00f5e o compacto s\u00e3o todas de Macal\u00e9 em parcerias, sendo uma com Capinan e as outras tr\u00eas com Duda (Carlos Eduardo Machado). Nas quatro faixas Macal\u00e9 \u00e9 o respons\u00e1vel pelos arranjos e \u00e9 quem toca o viol\u00e3o. Neste primeiro disco temos, por exemplo, a m\u00fasica &#8220;Sem essa&#8221;, que voltaria a ser regravada por ele em seu disco de 1977. Embora seja uma joinha, o disquinho tem uma qualidade de som que ficou a desejar e foi nesse desejo que d\u00e9cadas depois ele mereceu uma segunda edi\u00e7\u00e3o, feita com maestria pela Discobertas, transformando aquele compacto duplo em um lp\/cd e no qual trazia mais dez faixas b\u00f4nus que s\u00e3o grava\u00e7\u00f5es tamb\u00e9m antigas, feitas ao vivo. Esta vers\u00e3o voc\u00eas ainda encontram com facilidade para comprar. J\u00e1 o compacto original, esse j\u00e1 virou artigo de especula\u00e7\u00e3o no Mercado Livre e Discogs. Confiram no GTM&#8230;<\/div>\n<div class=\"separator\">&nbsp;<\/div>\n<div class=\"separator\">solu\u00e7os<\/div>\n<div class=\"separator\">o crime<\/div>\n<div class=\"separator\">s\u00f3 morto (burning night)<\/div>\n<div class=\"separator\">sem essa<\/div>\n<div class=\"separator\">&nbsp;<\/div>\n<div class=\"separator\">&nbsp;<\/div>\n<div class=\"separator\">.<\/div>","protected":false},"excerpt":{"rendered":"<p>Boa hora, amigos cultos e ocultos! Nada como ser independente, n\u00e3o estar atrelado a regras e poder seguir livremente fazendo as coisas do jeito que a gente quer. Me refiro, por certo, ao pr\u00f3prio blog Toque Musical, esse &#8216;arremedo informativo &hellip; <a href=\"https:\/\/www.toque-musicall.com\/?p=9145\">Continue lendo <span class=\"meta-nav\">&rarr;<\/span><\/a><\/p>\n","protected":false},"author":1,"featured_media":0,"comment_status":"closed","ping_status":"closed","sticky":false,"template":"","format":"standard","meta":{"footnotes":""},"categories":[3787,93,1003,1],"tags":[3072,4965,3091],"class_list":["post-9145","post","type-post","status-publish","format-standard","hentry","category-compacto","category-compactos","category-jards-macale","category-sem-categoria","tag-compactos","tag-jards-macale","tag-selo-rge"],"_links":{"self":[{"href":"https:\/\/www.toque-musicall.com\/index.php?rest_route=\/wp\/v2\/posts\/9145","targetHints":{"allow":["GET"]}}],"collection":[{"href":"https:\/\/www.toque-musicall.com\/index.php?rest_route=\/wp\/v2\/posts"}],"about":[{"href":"https:\/\/www.toque-musicall.com\/index.php?rest_route=\/wp\/v2\/types\/post"}],"author":[{"embeddable":true,"href":"https:\/\/www.toque-musicall.com\/index.php?rest_route=\/wp\/v2\/users\/1"}],"replies":[{"embeddable":true,"href":"https:\/\/www.toque-musicall.com\/index.php?rest_route=%2Fwp%2Fv2%2Fcomments&post=9145"}],"version-history":[{"count":2,"href":"https:\/\/www.toque-musicall.com\/index.php?rest_route=\/wp\/v2\/posts\/9145\/revisions"}],"predecessor-version":[{"id":9147,"href":"https:\/\/www.toque-musicall.com\/index.php?rest_route=\/wp\/v2\/posts\/9145\/revisions\/9147"}],"wp:attachment":[{"href":"https:\/\/www.toque-musicall.com\/index.php?rest_route=%2Fwp%2Fv2%2Fmedia&parent=9145"}],"wp:term":[{"taxonomy":"category","embeddable":true,"href":"https:\/\/www.toque-musicall.com\/index.php?rest_route=%2Fwp%2Fv2%2Fcategories&post=9145"},{"taxonomy":"post_tag","embeddable":true,"href":"https:\/\/www.toque-musicall.com\/index.php?rest_route=%2Fwp%2Fv2%2Ftags&post=9145"}],"curies":[{"name":"wp","href":"https:\/\/api.w.org\/{rel}","templated":true}]}}