{"id":915,"date":"2010-03-05T09:52:00","date_gmt":"2010-03-05T09:52:00","guid":{"rendered":"http:\/\/www.toque-musicall.com\/?p=915"},"modified":"2010-03-05T09:52:00","modified_gmt":"2010-03-05T09:52:00","slug":"fred-monteiro-coracao-pernambucano-2004","status":"publish","type":"post","link":"https:\/\/www.toque-musicall.com\/?p=915","title":{"rendered":"Fred Monteiro &#8211; Cora\u00e7\u00e3o Pernambucano (2004)"},"content":{"rendered":"<p><a href=\"http:\/\/2.bp.blogspot.com\/_DSKVEvHtskc\/S5DVD8ZE5gI\/AAAAAAAAGRQ\/AW_iiHp1Z2I\/s1600-h\/capa+cora%C3%A7%C3%A3o+P.JPG\"><img decoding=\"async\" style=\"TEXT-ALIGN: center; MARGIN: 0px auto 10px; WIDTH: 400px; DISPLAY: block; HEIGHT: 374px; CURSOR: hand\" id=\"BLOGGER_PHOTO_ID_5445086213218559490\" border=\"0\" alt=\"\" src=\"http:\/\/2.bp.blogspot.com\/_DSKVEvHtskc\/S5DVD8ZE5gI\/AAAAAAAAGRQ\/AW_iiHp1Z2I\/s400\/capa+cora%C3%A7%C3%A3o+P.JPG\" \/><\/a>Bom dia amigos cultos e ocultos! Entre perdas e danos vamos seguindo em frente em nossa caminhada que tamb\u00e9m nos leva a novos encontros, caminhos e nos traz novos frutos. A vida \u00e9 isso, uma passagem, onde a paisagem est\u00e1 sempre em transforma\u00e7\u00e3o. <\/p>\n<div>Nossa postagem de hoje \u00e9 dedicada \u00e0 m\u00fasica independente. \u00c9 sexta-feira, um bom dia para trazermos a tona artistas e discos que est\u00e3o fora do eixo das grandes gravadoras. Nosso destaque no independente semanal \u00e9 o alagoano de cora\u00e7\u00e3o pernambucano, <a href=\"http:\/\/www.musicadepernambuco.pe.gov.br\/artista.php?idArtista=53\">Fred Monteiro<\/a>, um nome ainda pouco conhecido pros lados de c\u00e1, mas que n\u00e3o demora muito para se tornar mais um c\u00e9lebre artista nordestino de sucesso nacional. Fred \u00e9 compositor, instrumentista e produtor musical em Recife. Sua rela\u00e7\u00e3o com a m\u00fasica vem desde os anos 60 quando j\u00e1 tocava profissionalmente com seu conjunto &#8220;Os T\u00e1rtaros&#8221;. Como a vida de m\u00fasico no Brasil nem sempre d\u00e1 muito pano para as mangas, a partir dos anos 70 ele foi ganhar o seu quinh\u00e3o como advogado, procurador federal da Sudene. Mas quem tem correndo pelo corpo um sangue de artista, nunca desiste desse ideal. Retomou as atividades com a m\u00fasica nos anos 90 e da\u00ed por diante vem buscando o seu lugar ao sol. N\u00e3o vou entrar muito em detalhes, os quais podem ser conferidos no disco. O certo \u00e9 que Fred vem se tornando um dos mais importantes produtores independentes da cena musical recifense. Atrav\u00e9s de seu est\u00fadio tem criado coisas muito bacanas e tamb\u00e9m dado oportunidade \u00e0 outros artistas da regi\u00e3o, produzindo trabalhos com muita qualidade. Suas m\u00fasicas est\u00e3o tamb\u00e9m nas vozes de outros artistas espalhados pelo Brasil. Quando se fala no cen\u00e1rio musical do Recife, muita gente s\u00f3 se liga nas manifesta\u00e7\u00f5es jovens, fundindo o rock-pop com a m\u00fasica tradicional. Mas a a\u00e7\u00e3o art\u00edstica e sonora \u00e9 bem mais abrangente e procura sempre manter os p\u00e9s no ch\u00e3o, lembrando a todos a riqueza que \u00e9 a genu\u00edna m\u00fasica do nordeste. <a href=\"http:\/\/www.musicadepernambuco.pe.gov.br\/artista.php?idArtista=53\">Fred Monteiro<\/a> \u00e9 um desses representantes. Um artista aut\u00eantico, pode acreditar! <\/div>\n<div>&#8220;Cora\u00e7\u00e3o Pernambucano&#8221; foi um disco, lan\u00e7ado em 2004, uma compila\u00e7\u00e3o que re\u00fane composi\u00e7\u00f5es do artista desde o inicio dos anos 90. Suas m\u00fasicas possuem um sabor bem popular, sem com isso perder na qualidade. Um trabalho muito bem estruturado e acima da m\u00e9dia. Encontramos aqui frevos, ciranda, bai\u00e3o, forr\u00f3 e mais&#8230; Ao ouvi-los, inevitavelmente criamos uma simpatia e j\u00e1 na segunda vez, como eu, a gente sai logo assobiando ou cantando. M\u00fasicas que literalmente fazem a cabe\u00e7a. Confiram a\u00ed&#8230;<\/div>\n<div> <\/div>\n<div align=\"center\">tatiana<\/div>\n<div align=\"center\">minha viola<\/div>\n<div align=\"center\">estrela do po\u00e7o<\/div>\n<div align=\"center\">caboclo da cidade<\/div>\n<div align=\"center\">mascate de lembran\u00e7as<\/div>\n<div align=\"center\">um bandolim em casa forte<\/div>\n<div align=\"center\">vira\u00e7\u00e3o<\/div>\n<div align=\"center\">urso maluvido <\/div>\n<div align=\"center\">o pife de rico<\/div>\n<div align=\"center\">travesseiro de macela<\/div>\n<div align=\"center\">cinema mudo<\/div>\n<div align=\"center\">redolero<\/div>\n<div align=\"center\">ciranda do mar da vida<\/div>\n<div align=\"center\">sol na moleira<\/div>\n<div align=\"center\">quebrando o bacalhau<\/div>\n<div align=\"center\">pimenta no p\u00e9<\/div>\n<div align=\"center\">bloco cir\u00fargico<\/div>\n<div align=\"center\">cora\u00e7\u00e3o recifense<\/div>\n<div align=\"center\"> <\/div>\n<div align=\"center\"> <\/div>\n","protected":false},"excerpt":{"rendered":"<p>Bom dia amigos cultos e ocultos! Entre perdas e danos vamos seguindo em frente em nossa caminhada que tamb\u00e9m nos leva a novos encontros, caminhos e nos traz novos frutos. A vida \u00e9 isso, uma passagem, onde a paisagem est\u00e1 &hellip; <a href=\"https:\/\/www.toque-musicall.com\/?p=915\">Continue lendo <span class=\"meta-nav\">&rarr;<\/span><\/a><\/p>\n","protected":false},"author":1,"featured_media":0,"comment_status":"open","ping_status":"closed","sticky":false,"template":"","format":"standard","meta":{"footnotes":""},"categories":[1227],"tags":[],"class_list":["post-915","post","type-post","status-publish","format-standard","hentry","category-fred-monteiro"],"_links":{"self":[{"href":"https:\/\/www.toque-musicall.com\/index.php?rest_route=\/wp\/v2\/posts\/915","targetHints":{"allow":["GET"]}}],"collection":[{"href":"https:\/\/www.toque-musicall.com\/index.php?rest_route=\/wp\/v2\/posts"}],"about":[{"href":"https:\/\/www.toque-musicall.com\/index.php?rest_route=\/wp\/v2\/types\/post"}],"author":[{"embeddable":true,"href":"https:\/\/www.toque-musicall.com\/index.php?rest_route=\/wp\/v2\/users\/1"}],"replies":[{"embeddable":true,"href":"https:\/\/www.toque-musicall.com\/index.php?rest_route=%2Fwp%2Fv2%2Fcomments&post=915"}],"version-history":[{"count":0,"href":"https:\/\/www.toque-musicall.com\/index.php?rest_route=\/wp\/v2\/posts\/915\/revisions"}],"wp:attachment":[{"href":"https:\/\/www.toque-musicall.com\/index.php?rest_route=%2Fwp%2Fv2%2Fmedia&parent=915"}],"wp:term":[{"taxonomy":"category","embeddable":true,"href":"https:\/\/www.toque-musicall.com\/index.php?rest_route=%2Fwp%2Fv2%2Fcategories&post=915"},{"taxonomy":"post_tag","embeddable":true,"href":"https:\/\/www.toque-musicall.com\/index.php?rest_route=%2Fwp%2Fv2%2Ftags&post=915"}],"curies":[{"name":"wp","href":"https:\/\/api.w.org\/{rel}","templated":true}]}}