{"id":9151,"date":"2022-01-31T09:56:00","date_gmt":"2022-01-31T12:56:00","guid":{"rendered":"https:\/\/www.toque-musicall.com\/?p=9151"},"modified":"2022-02-02T10:02:10","modified_gmt":"2022-02-02T13:02:10","slug":"os-inocentes-compacto-1968","status":"publish","type":"post","link":"https:\/\/www.toque-musicall.com\/?p=9151","title":{"rendered":"Os Inocentes &#8211; Compacto (1968)"},"content":{"rendered":"\n<figure class=\"wp-block-image size-large\"><img decoding=\"async\" src=\"https:\/\/blogger.googleusercontent.com\/img\/a\/AVvXsEhURVYDioKZa0fGTKXwC9yXUd-t7sSeq8cCW9x4AAwUHWW1q7Nv3bHT1hz4kf1dfpD4SoB1uA-XiNBG4OrvGOQd7JCB7zJtAaMwxFRr9Ct2Bc_dW-_tMHi_REJNCEfxNEfnlY7KZ6GpbZrfx5cM_FiDqawDKFa9Y5aYfQpqGGybNZ30TqUgm7w1A_gOBA=w640-h628\" alt=\"\"\/><\/figure>\n\n\n\n<figure class=\"wp-block-image size-large\"><img decoding=\"async\" src=\"https:\/\/blogger.googleusercontent.com\/img\/a\/AVvXsEgD0WfbkL1nBMHBGSmnTU0W9y1ZyDhjolK7NLcADvl4U1zX6xVWIJWEgmVZTlvMtU2jQRUZ6xQJOogi27qelOMwzpRoT6UnWKCxLUG8ASYrZ0rZP7x957FpHim3gatNB5foNGkDAgRZPIqeYhZl9eWDl51RcS__9SpTRqRY-zEcGzu2ldA_YG_3k4QTXg=w640-h630\" alt=\"\"\/><\/figure>\n\n\n<div class=\"separator\">Digam a\u00ed, amiguinhos cultos e ocultos, o que acharam desta nossa grande mostra de discos de sete polegadas? Hoje damos por encerrada a apresenta\u00e7\u00e3o exclusiva de compactos, mas eles sempre voltam, sozinhos ou em bloco, ok?\u00a0<\/div>\n<div class=\"separator\">Aqui temos mais uma raridade para fechar de vez a mostra. Em meio a tantos disquinhos fui escolher este compacto simples, lan\u00e7ado em 1968 pela CBS, atrav\u00e9s de seu selo Epic. Trata-se de um grupo vocal da era Jovem Guarda, Os Inocentes. Eis a\u00ed um nome de conjunto que tem tudo a ver com aquela \u00e9poca e por outra, parece que muitos grupos adotaram esse nome j\u00e1 desde essa \u00e9poca dos anos 60 e a\u00ed, se a gente n\u00e3o tem a informa\u00e7\u00e3o correta, corre o risco de gerar mais confus\u00e3o para quem busca um pouco da hist\u00f3ria. O fato \u00e9 que n\u00e3o foi f\u00e1cil descobrir quem era mesmo esses Inocentes, mas acabei chegando a conclus\u00e3o que este era mesmo um quarteto vocal vindo do interior de S\u00e3o Paulo, descobertos por Carlos Imperial com quem gravaram o primeiro compacto e posteriormente ca\u00edram nas gra\u00e7as de Rossini Pinto, passado para a RCA Victor onde gravaram outro compacto. O grupo se apresentou em shows e programas de televis\u00e3o, fizeram um relativo sucesso local. E ao que parece, gravaram apenas mais um disquinho, que \u00e9 este que aqui publicamos. Confiram essa raridade no GTM&#8230;<\/div>\n<div class=\"separator\">\u00a0<\/div>\n<div class=\"separator\">meu maior problema<\/div>\n<div class=\"separator\">o bamba<\/div>\n<div class=\"separator\">\u00a0<\/div>\n<div class=\"separator\">\u00a0<\/div>\n<div class=\"separator\">.<\/div>","protected":false},"excerpt":{"rendered":"<p>Digam a\u00ed, amiguinhos cultos e ocultos, o que acharam desta nossa grande mostra de discos de sete polegadas? Hoje damos por encerrada a apresenta\u00e7\u00e3o exclusiva de compactos, mas eles sempre voltam, sozinhos ou em bloco, ok?\u00a0 Aqui temos mais uma &hellip; <a href=\"https:\/\/www.toque-musicall.com\/?p=9151\">Continue lendo <span class=\"meta-nav\">&rarr;<\/span><\/a><\/p>\n","protected":false},"author":1,"featured_media":0,"comment_status":"closed","ping_status":"closed","sticky":false,"template":"","format":"standard","meta":{"footnotes":""},"categories":[3787,93,4968,624],"tags":[3072,4969,3583],"class_list":["post-9151","post","type-post","status-publish","format-standard","hentry","category-compacto","category-compactos","category-os-inocentes","category-selo-epic","tag-compactos","tag-os-inocentes","tag-selo-epic"],"_links":{"self":[{"href":"https:\/\/www.toque-musicall.com\/index.php?rest_route=\/wp\/v2\/posts\/9151","targetHints":{"allow":["GET"]}}],"collection":[{"href":"https:\/\/www.toque-musicall.com\/index.php?rest_route=\/wp\/v2\/posts"}],"about":[{"href":"https:\/\/www.toque-musicall.com\/index.php?rest_route=\/wp\/v2\/types\/post"}],"author":[{"embeddable":true,"href":"https:\/\/www.toque-musicall.com\/index.php?rest_route=\/wp\/v2\/users\/1"}],"replies":[{"embeddable":true,"href":"https:\/\/www.toque-musicall.com\/index.php?rest_route=%2Fwp%2Fv2%2Fcomments&post=9151"}],"version-history":[{"count":1,"href":"https:\/\/www.toque-musicall.com\/index.php?rest_route=\/wp\/v2\/posts\/9151\/revisions"}],"predecessor-version":[{"id":9152,"href":"https:\/\/www.toque-musicall.com\/index.php?rest_route=\/wp\/v2\/posts\/9151\/revisions\/9152"}],"wp:attachment":[{"href":"https:\/\/www.toque-musicall.com\/index.php?rest_route=%2Fwp%2Fv2%2Fmedia&parent=9151"}],"wp:term":[{"taxonomy":"category","embeddable":true,"href":"https:\/\/www.toque-musicall.com\/index.php?rest_route=%2Fwp%2Fv2%2Fcategories&post=9151"},{"taxonomy":"post_tag","embeddable":true,"href":"https:\/\/www.toque-musicall.com\/index.php?rest_route=%2Fwp%2Fv2%2Ftags&post=9151"}],"curies":[{"name":"wp","href":"https:\/\/api.w.org\/{rel}","templated":true}]}}