{"id":9157,"date":"2022-02-01T23:41:00","date_gmt":"2022-02-02T02:41:00","guid":{"rendered":"https:\/\/www.toque-musicall.com\/?p=9157"},"modified":"2022-02-05T00:00:57","modified_gmt":"2022-02-05T03:00:57","slug":"a-voz-da-rca-victor-suplemento-no-24-novembro-1959-%ef%bf%bc","status":"publish","type":"post","link":"https:\/\/www.toque-musicall.com\/?p=9157","title":{"rendered":"A Voz Da RCA Victor &#8211; Suplemento N\u00ba 24 Novembro (1959)"},"content":{"rendered":"\n<figure class=\"wp-block-image size-large\"><img decoding=\"async\" src=\"https:\/\/blogger.googleusercontent.com\/img\/a\/AVvXsEgzKT-S-ENeGyEpMbydR1KOvKj85VLZGuqQkNd9BpAoxOrOTsQ8Zl_ChnxBaCs7YnS9CiJciNKfbpFDPySOCp9S0MEyWGh2UT5FLmDyK4Nuiiq5AeU8kXH-UgtFL1IBwtNhD9gctqmAJhBv1A9xxrEmE7EaHLiUeaIA1EC1thj7vWqlzThoF4AhXUCadA=w640-h640\" alt=\"\"\/><\/figure>\n\n\n\n<figure class=\"wp-block-image size-large\"><img decoding=\"async\" src=\"https:\/\/blogger.googleusercontent.com\/img\/a\/AVvXsEhLMRziDThU9tonpTIzf096SVh9iiKWM5qXUb3C8Z0EN50nmQX3EDY8hEi6JDSiBJJ_423weNUfPybpwdMFnvLp3QatmO6arIFeAb-b-7XZzybyG7PGTjbJsbdoeyVMw2Wc3TTI4_8tdXS6NQ0sk_eiVBaFrOcJ7dxjmLTvOLcnXeubqeLOIDHtYFHvKA=w640-h634\" alt=\"\"\/><\/figure>\n\n\n<div class=\"separator\">Boa noite, meus amigos cultos e ocultos! Entramos, enfim, em fevereiro e aqui vamos n\u00f3s na nossa peleja fonomusical. Para come\u00e7ar, vamos com mais um disco da s\u00e9rie, &#8220;A voz da RCA Victor&#8221; desta vez trazendo o suplemento de lan\u00e7amentos dos seus discos de 78 rpm para o m\u00eas de novembro, de 1959. Esta s\u00e9rie \u00e9 mesmo muito rara e poucos s\u00e3o os colecionadores que possuem esse material. Infelizmente, n\u00f3s s\u00f3 t\u00ednhamos seis deles e este \u00e9 o \u00faltimo que apresentamos por aqui. Se acaso aparecerem outros, sem d\u00favida, iremos trazer para voc\u00eas. Neste suplemento de n\u00famero 24, todos os lan\u00e7amentos s\u00e3o de artistas nacionais. S\u00e3o 24 trechos iniciais das m\u00fasicas, que mesmo cortadas valem a pena serem ouvidas. Aqui temos&#8230;<\/div>\n<div class=\"separator\">\u00a0<\/div>\n<div class=\"separator\">vinheta de abertura<\/div>\n<div class=\"separator\">mariposa \/ argumento &#8211; nelson gon\u00e7alves<\/div>\n<div class=\"separator\">petite fleur \/ la chanson d&#8217;orph\u00e9e &#8211; guylaine guy<\/div>\n<div class=\"separator\">fuba \/ velhos tempos &#8211; jacob do bandolim<\/div>\n<div class=\"separator\">la strada del amore \/ refugio &#8211; neusa maria<\/div>\n<div class=\"separator\">meu castigo \/ um pouco de n\u00f3s mesmo &#8211; fernando barreto<\/div>\n<div class=\"separator\">prece a chuva \/ sonho desfeito &#8211; ivete siqueira<\/div>\n<div class=\"separator\">vem \/ molengo da morena &#8211; jair alves<\/div>\n<div class=\"separator\">juvita \/ aracati &#8211; ary lobo<\/div>\n<div class=\"separator\">madalena \/ arrependida &#8211; ti\u00e3o careira e carreirinho<\/div>\n<div class=\"separator\">resposta da saudade\/mariquinha &#8211; silveria e barrinha<\/div>\n<div class=\"separator\">nossa verdade \/ passado de bo\u00eamio &#8211; marreco e marrequinho<\/div>\n<div class=\"separator\">vinheta final<\/div>\n<div class=\"separator\">\u00a0<\/div>\n<div>\u00a0<\/div>\n<div class=\"separator\">\u00a0<\/div>\n<div class=\"separator\">.<\/div>\n<div class=\"separator\">\u00a0<\/div>\n<div class=\"separator\">\u00a0<\/div>","protected":false},"excerpt":{"rendered":"<p>Boa noite, meus amigos cultos e ocultos! Entramos, enfim, em fevereiro e aqui vamos n\u00f3s na nossa peleja fonomusical. Para come\u00e7ar, vamos com mais um disco da s\u00e9rie, &#8220;A voz da RCA Victor&#8221; desta vez trazendo o suplemento de lan\u00e7amentos &hellip; <a href=\"https:\/\/www.toque-musicall.com\/?p=9157\">Continue lendo <span class=\"meta-nav\">&rarr;<\/span><\/a><\/p>\n","protected":false},"author":1,"featured_media":0,"comment_status":"closed","ping_status":"closed","sticky":false,"template":"","format":"standard","meta":{"footnotes":""},"categories":[4771,70,1],"tags":[4772,3061],"class_list":["post-9157","post","type-post","status-publish","format-standard","hentry","category-a-voz-da-rca-victor","category-selo-rca-victor","category-sem-categoria","tag-a-voz-da-rca-victor","tag-selo-rca-victor"],"_links":{"self":[{"href":"https:\/\/www.toque-musicall.com\/index.php?rest_route=\/wp\/v2\/posts\/9157","targetHints":{"allow":["GET"]}}],"collection":[{"href":"https:\/\/www.toque-musicall.com\/index.php?rest_route=\/wp\/v2\/posts"}],"about":[{"href":"https:\/\/www.toque-musicall.com\/index.php?rest_route=\/wp\/v2\/types\/post"}],"author":[{"embeddable":true,"href":"https:\/\/www.toque-musicall.com\/index.php?rest_route=\/wp\/v2\/users\/1"}],"replies":[{"embeddable":true,"href":"https:\/\/www.toque-musicall.com\/index.php?rest_route=%2Fwp%2Fv2%2Fcomments&post=9157"}],"version-history":[{"count":2,"href":"https:\/\/www.toque-musicall.com\/index.php?rest_route=\/wp\/v2\/posts\/9157\/revisions"}],"predecessor-version":[{"id":9159,"href":"https:\/\/www.toque-musicall.com\/index.php?rest_route=\/wp\/v2\/posts\/9157\/revisions\/9159"}],"wp:attachment":[{"href":"https:\/\/www.toque-musicall.com\/index.php?rest_route=%2Fwp%2Fv2%2Fmedia&parent=9157"}],"wp:term":[{"taxonomy":"category","embeddable":true,"href":"https:\/\/www.toque-musicall.com\/index.php?rest_route=%2Fwp%2Fv2%2Fcategories&post=9157"},{"taxonomy":"post_tag","embeddable":true,"href":"https:\/\/www.toque-musicall.com\/index.php?rest_route=%2Fwp%2Fv2%2Ftags&post=9157"}],"curies":[{"name":"wp","href":"https:\/\/api.w.org\/{rel}","templated":true}]}}