{"id":916,"date":"2010-03-04T11:24:00","date_gmt":"2010-03-04T11:24:00","guid":{"rendered":"http:\/\/www.toque-musicall.com\/?p=916"},"modified":"2010-03-04T11:24:00","modified_gmt":"2010-03-04T11:24:00","slug":"jackson-do-pandeiro-com-conjunto-e-coro-1955","status":"publish","type":"post","link":"https:\/\/www.toque-musicall.com\/?p=916","title":{"rendered":"Jackson Do Pandeiro &#8211; Com Conjunto e C\u00f4ro (1955)"},"content":{"rendered":"<p><a href=\"http:\/\/1.bp.blogspot.com\/_DSKVEvHtskc\/S4-YvE-D_fI\/AAAAAAAAGQ4\/eigrQG2QXXs\/s1600-h\/jackson+do+pandeiro+P.JPG\"><img decoding=\"async\" id=\"BLOGGER_PHOTO_ID_5444738409069542898\" style=\"DISPLAY: block; MARGIN: 0px auto 10px; WIDTH: 400px; HEIGHT: 390px; TEXT-ALIGN: center\" alt=\"\" src=\"http:\/\/1.bp.blogspot.com\/_DSKVEvHtskc\/S4-YvE-D_fI\/AAAAAAAAGQ4\/eigrQG2QXXs\/s400\/jackson+do+pandeiro+P.JPG\" border=\"0\" \/><\/a>Ol\u00e1 amigos cultos e ocultos! Como disse um dos mais ocultos, a m\u00e1scara caiu. Caiu sim porque o carnaval j\u00e1 passou. Agora vamos de cara limpa na caravana musical que tem deixado muito cachorro na lati\u00e7\u00e3o. Como cachorro que late n\u00e3o morde, vamos tranquilos. Se precisar a gente chama a carrocinha, n\u00e9 n\u00e3o? \ud83d\ude42<br \/>Bom, para tampar a boca, abrir os olhos e tamb\u00e9m os ouvidos, hoje eu vou postar um Jackson do Pandeiro. Este aqui, com certeza \u00e9 novidade, podem come\u00e7ar o compartilhamento, mas n\u00e3o se esque\u00e7am de voltar. A fonte aqui \u00e9 inesgot\u00e1vel, vai matar a s\u00eade de gregos e troianos.<br \/>Esta postagem era para ter entrado no dia 27 de fevereiro, numa homenagem a uma pessoa muito especial e querida, que me ensinava as can\u00e7\u00f5es deste disco. Que saudade! Mesmo com atraso, fica valendo, viu Luizinha?<br \/>Temos ent\u00e3o, Jackson do Pandeiro com Conjunto e C\u00f4ro. O primeiro lp do &#8220;Rei do Ritmo&#8221;, lan\u00e7ado em 1955 pelo selo do caramujo, da gravadora Copacabana. Neste albinho de dez polegadas temos alguns de seus maiores sucessos, m\u00fasicas gravadas anteriormente em bolachas de 78 rota\u00e7\u00f5es. Posteriormente ele veio a regravar algumas dessas composi\u00e7\u00f5es que se tornaram verdadeiros cl\u00e1ssicos da m\u00fasica popular brasileira e de qualquer forr\u00f3. Foi ele, ao lado de Luiz Gonzaga, um dos mais aut\u00eanticos e expressivos artistas da m\u00fasica nordestina, caracterizando um estilo que sempre esteve em voga. Salve Jackson do Pandeiro!<\/p>\n<div align=\"center\">forr\u00f3 em limoeiro<\/div>\n<div align=\"center\">cremilda<\/div>\n<div align=\"center\">1&#215;1<\/div>\n<div align=\"center\">o galo cantou<\/div>\n<div align=\"center\">forr\u00f3 em caruaru<\/div>\n<div align=\"center\">a mulher do anibal<\/div>\n<div align=\"center\">falsa patroa<\/div>\n<div align=\"center\">sebastiana<\/div>\n<div align=\"center\"> <\/div>\n<div align=\"center\"> <\/div>\n","protected":false},"excerpt":{"rendered":"<p>Ol\u00e1 amigos cultos e ocultos! Como disse um dos mais ocultos, a m\u00e1scara caiu. Caiu sim porque o carnaval j\u00e1 passou. Agora vamos de cara limpa na caravana musical que tem deixado muito cachorro na lati\u00e7\u00e3o. Como cachorro que late &hellip; <a href=\"https:\/\/www.toque-musicall.com\/?p=916\">Continue lendo <span class=\"meta-nav\">&rarr;<\/span><\/a><\/p>\n","protected":false},"author":1,"featured_media":0,"comment_status":"open","ping_status":"closed","sticky":false,"template":"","format":"standard","meta":{"footnotes":""},"categories":[119],"tags":[],"class_list":["post-916","post","type-post","status-publish","format-standard","hentry","category-jackson-do-pandeiro"],"_links":{"self":[{"href":"https:\/\/www.toque-musicall.com\/index.php?rest_route=\/wp\/v2\/posts\/916","targetHints":{"allow":["GET"]}}],"collection":[{"href":"https:\/\/www.toque-musicall.com\/index.php?rest_route=\/wp\/v2\/posts"}],"about":[{"href":"https:\/\/www.toque-musicall.com\/index.php?rest_route=\/wp\/v2\/types\/post"}],"author":[{"embeddable":true,"href":"https:\/\/www.toque-musicall.com\/index.php?rest_route=\/wp\/v2\/users\/1"}],"replies":[{"embeddable":true,"href":"https:\/\/www.toque-musicall.com\/index.php?rest_route=%2Fwp%2Fv2%2Fcomments&post=916"}],"version-history":[{"count":0,"href":"https:\/\/www.toque-musicall.com\/index.php?rest_route=\/wp\/v2\/posts\/916\/revisions"}],"wp:attachment":[{"href":"https:\/\/www.toque-musicall.com\/index.php?rest_route=%2Fwp%2Fv2%2Fmedia&parent=916"}],"wp:term":[{"taxonomy":"category","embeddable":true,"href":"https:\/\/www.toque-musicall.com\/index.php?rest_route=%2Fwp%2Fv2%2Fcategories&post=916"},{"taxonomy":"post_tag","embeddable":true,"href":"https:\/\/www.toque-musicall.com\/index.php?rest_route=%2Fwp%2Fv2%2Ftags&post=916"}],"curies":[{"name":"wp","href":"https:\/\/api.w.org\/{rel}","templated":true}]}}