{"id":9164,"date":"2022-02-02T10:49:00","date_gmt":"2022-02-02T13:49:00","guid":{"rendered":"https:\/\/www.toque-musicall.com\/?p=9164"},"modified":"2022-02-06T10:52:54","modified_gmt":"2022-02-06T13:52:54","slug":"diana-pequeno-sinal-de-amor-1981","status":"publish","type":"post","link":"https:\/\/www.toque-musicall.com\/?p=9164","title":{"rendered":"Diana Pequeno &#8211; Sinal De Amor (1981)"},"content":{"rendered":"\n<figure class=\"wp-block-image size-large\"><img decoding=\"async\" src=\"https:\/\/blogger.googleusercontent.com\/img\/a\/AVvXsEi56V7HTZ73IEHjorJNcKJKP-g_BsUJuMgeY6SzguN3GFKWUBRUcYkxCh9hb4EBgydkzJpEr5fPK_l30uVhi7s9RguWT1C8ss9Ix6ULzZ8JfgKVahi7xQaii5jrczkVecK8GNbPln1lSPIg2YYU0-qrwOIsb7a-y_-Egavaek39L-q1T4BVw-tEISjmyw=w636-h640\" alt=\"\"\/><\/figure>\n\n\n\n<figure class=\"wp-block-image size-large\"><img decoding=\"async\" src=\"https:\/\/blogger.googleusercontent.com\/img\/a\/AVvXsEhK4_IQIoG4sVVrUjO8UfRwfBz8bocQzjX7XV1XtAeZkwinoeZztp0BoQepEqHOEIjCWJNtOdGSSatomY_dKfM1HsZnU-JlfDpk908hvfC0SLaDGaV9rlDQIWQ_QEFene82KjWtD8irB-EvIw1Mpn19kfV9q4zWoy2GLGq-zlRoAoeKj0t9i1KPVytPVw=w634-h640\" alt=\"\"\/><\/figure>\n\n\n<div class=\"separator\">Boa hora a todos, amigos cultos e ocultos! Fevereiro est\u00e1 a\u00ed e vamos que vamos&#8230; Hoje e mais uma vez, nosso encontro \u00e9 com essa beleza de morena, a baiana, Diana Pequeno, uma cantora e compositora que dispensa apresenta\u00e7\u00f5es, pelo menos no Toque Musical, onde j\u00e1 postamos dela uns tr\u00eas discos. E quando falo em beleza, por certo tamb\u00e9m me refiro a beleza de sua arte, do seu canto e de seus repert\u00f3rios. Seu legado est\u00e1 a\u00ed, sempre atual. O tempo passou, mas seus discos continuam muito atuais e se por sorte voc\u00eas ainda encontram os lps por um pre\u00e7o barato, pois, pelo jeito, s\u00f3 deve ter ficado na mem\u00f3ria do povo aquilo que insistentemente se tocava no r\u00e1dio. E no caso de &#8220;Sinal de Amor&#8221;, lan\u00e7ado em 1981, temos v\u00e1rias m\u00fasicas bem divulgadas na m\u00eddia r\u00e1dio-televisiva, al\u00e9m de terem sido tamb\u00e9m gravadas por outros artistas. Nesta \u00e9poca, a cantora estava vivendo seu melhor momento, participando de shows por todo o Brasil, dividindo palco com o Mestre Sivuca no Projeto Pixinguinha e tamb\u00e9m no Festival de \u00c1guas Claras. Enfim, a mo\u00e7a estava, merecidamente, com tudo. Hoje, vivemos um outro momento onde a informa\u00e7\u00e3o, a m\u00eddia, se diluiu, se fragmentou em tanto peda\u00e7os que mesmo um artista dos mais conhecidos, acaba tamb\u00e9m dilu\u00eddo. Ali\u00e1s, essa \u00e9 a nova ordem mundial, n\u00e3o se ouve a obra de um artista, mas sim a m\u00fasica, o hit do momento em alguma plataforma digital. E passa logo&#8230; Mas aqui, no Toque Musical, as coisas passam devagar, com o retardo necess\u00e1rio que cabe a toda boa lembran\u00e7a. E vamos a ela&#8230; \ud83d\ude09<\/div>\n<div class=\"separator\">\u00a0<\/div>\n<div class=\"separator\">sinal de amor e de perigo<\/div>\n<div class=\"separator\">regina<\/div>\n<div class=\"separator\">vagando<\/div>\n<div class=\"separator\">laura<\/div>\n<div class=\"separator\">estrelas nil<\/div>\n<div class=\"separator\">trem do pantanal<\/div>\n<div class=\"separator\">busca-p\u00e9<\/div>\n<div class=\"separator\">ber\u00e7o de todos os azuis<\/div>\n<div class=\"separator\">as flores deste jardim<\/div>\n<div class=\"separator\">barca de no\u00e9<\/div>\n<div class=\"separator\">recolher<\/div>\n<div class=\"separator\">\u00a0<\/div>\n<div class=\"separator\">\u00a0<\/div>\n<div class=\"separator\">.<\/div>","protected":false},"excerpt":{"rendered":"<p>Boa hora a todos, amigos cultos e ocultos! Fevereiro est\u00e1 a\u00ed e vamos que vamos&#8230; Hoje e mais uma vez, nosso encontro \u00e9 com essa beleza de morena, a baiana, Diana Pequeno, uma cantora e compositora que dispensa apresenta\u00e7\u00f5es, pelo &hellip; <a href=\"https:\/\/www.toque-musicall.com\/?p=9164\">Continue lendo <span class=\"meta-nav\">&rarr;<\/span><\/a><\/p>\n","protected":false},"author":1,"featured_media":0,"comment_status":"closed","ping_status":"closed","sticky":false,"template":"","format":"standard","meta":{"footnotes":""},"categories":[1542,70,1],"tags":[4970,3061],"class_list":["post-9164","post","type-post","status-publish","format-standard","hentry","category-diana-pequeno","category-selo-rca-victor","category-sem-categoria","tag-diana-pequeno","tag-selo-rca-victor"],"_links":{"self":[{"href":"https:\/\/www.toque-musicall.com\/index.php?rest_route=\/wp\/v2\/posts\/9164","targetHints":{"allow":["GET"]}}],"collection":[{"href":"https:\/\/www.toque-musicall.com\/index.php?rest_route=\/wp\/v2\/posts"}],"about":[{"href":"https:\/\/www.toque-musicall.com\/index.php?rest_route=\/wp\/v2\/types\/post"}],"author":[{"embeddable":true,"href":"https:\/\/www.toque-musicall.com\/index.php?rest_route=\/wp\/v2\/users\/1"}],"replies":[{"embeddable":true,"href":"https:\/\/www.toque-musicall.com\/index.php?rest_route=%2Fwp%2Fv2%2Fcomments&post=9164"}],"version-history":[{"count":1,"href":"https:\/\/www.toque-musicall.com\/index.php?rest_route=\/wp\/v2\/posts\/9164\/revisions"}],"predecessor-version":[{"id":9165,"href":"https:\/\/www.toque-musicall.com\/index.php?rest_route=\/wp\/v2\/posts\/9164\/revisions\/9165"}],"wp:attachment":[{"href":"https:\/\/www.toque-musicall.com\/index.php?rest_route=%2Fwp%2Fv2%2Fmedia&parent=9164"}],"wp:term":[{"taxonomy":"category","embeddable":true,"href":"https:\/\/www.toque-musicall.com\/index.php?rest_route=%2Fwp%2Fv2%2Fcategories&post=9164"},{"taxonomy":"post_tag","embeddable":true,"href":"https:\/\/www.toque-musicall.com\/index.php?rest_route=%2Fwp%2Fv2%2Ftags&post=9164"}],"curies":[{"name":"wp","href":"https:\/\/api.w.org\/{rel}","templated":true}]}}