{"id":9174,"date":"2022-02-05T16:28:00","date_gmt":"2022-02-05T19:28:00","guid":{"rendered":"https:\/\/www.toque-musicall.com\/?p=9174"},"modified":"2022-02-06T16:34:22","modified_gmt":"2022-02-06T19:34:22","slug":"chico-feitosa-chico-fim-de-noite-1966","status":"publish","type":"post","link":"https:\/\/www.toque-musicall.com\/?p=9174","title":{"rendered":"Chico Feitosa &#8211; Chico Fim De Noite (1966)"},"content":{"rendered":"\n<figure class=\"wp-block-image size-large\"><img decoding=\"async\" src=\"https:\/\/blogger.googleusercontent.com\/img\/a\/AVvXsEiX_wXe-rbr_uJD6nbIv5S0W1Hohuh3WN6taAu4-QnfFPq-GOyzhD-kiI0xU2Z2KdKqKvqSiKhdsbeHdXihTEfeypyLGIlbKQZlF6MGI9p9gHN-3T8Ly2MnyCLn53Bh9anch4o0Nx4-CPZDjZpc21mLdLau8xHFAYXbxu5GfFE8kXPNkBYzwYgW8oF-0A=w640-h640\" alt=\"\"\/><\/figure>\n\n\n\n<figure class=\"wp-block-image size-large\"><img decoding=\"async\" src=\"https:\/\/blogger.googleusercontent.com\/img\/a\/AVvXsEi4SXPNixIWGxQ8_UItPcRelYMj72aw_10Ovs9Rl783Wcm0Pn8Omx1Cg8FD3K1VySbTK_f9Ghi3LLc-1Crt_psYifBDMkMvzWRzYqFVjCzv4b93MsLi8b3Zz4X-VtFX2sU3efinPTGU7u0J8jx4Y0HqTBfk45HHzP2e4xCSNc8mmD48Av_0LX4UJTBp7Q=w640-h632\" alt=\"\"\/><\/figure>\n\n\n\n<figure class=\"wp-block-image size-large\"><img decoding=\"async\" src=\"https:\/\/blogger.googleusercontent.com\/img\/a\/AVvXsEhchex7yUx58a2RzdBbDALNfTm9GJMpr23DZ9LlyM4u5nnugwx5rFCjJGpmDuFCJ0L2JkrPVyUMAI4w1cpzVXpilF6RfrXkieLkmpbLDf8e120pJ3i9-4VHtt4x8rcwp6a8A9JnOm1D7dbJ2ODPdJvvQ-yrdCxG1A5Mt4TlThKP7kNMRQGUvuwNsEclvg=w638-h640\" alt=\"\"\/><\/figure>\n\n\n\n<figure class=\"wp-block-image size-large\"><img decoding=\"async\" src=\"https:\/\/blogger.googleusercontent.com\/img\/a\/AVvXsEiLsy5ntOzzoI5EUH2NnHCfML2IxbEpuOl9HPd2QOnif4zxcg90UXHmOYVDoUiK2_Cf_RV9CpcjrCxRq4mTC3esGDCQ6hJaSgqnX6QmRgWFJLXlZv6i0HDZkAE8IlQNlYT3qZSMkr4uF07X7hexUfackZYqjhc6TykOapTpzc8xteG420w2HQaNugjJFQ=w640-h638\" alt=\"\"\/><\/figure>\n\n\n<div class=\"separator\">Ol\u00e1, meus prezados amigos cultos e ocultos! Hoje, dia 5 de fevereiro \u00e9 um dia muito especial para mim. \u00c9 a data do anivers\u00e1rio de minha m\u00e3e e se estivesse viva, hoje estaria completando 94 anos. E a raz\u00e3o de eu estar citando ela \u00e9 porque, coincidentemente, ela adorava o Chico Feitosa, ou para ser mais espec\u00edfico, este &#8216;Chico Fim de Noite&#8217;. Cantava v\u00e1rias m\u00fasicas deste disco e que eu s\u00f3 vim a saber que eram do Chico Feitosa tempos depois. Acredito que ela ouvia isso na casa do patr\u00e3o dela, que era um advogado, homem de muita cultura e que tinha uma bela discoteca em casa. Recentemente este lp caiu em minhas m\u00e3os, s\u00f3 n\u00e3o ficou no meu prato porque o pre\u00e7o, para mim, era impag\u00e1vel (nem vou comentar), mas tive antes o prazer de t\u00ea-lo nas m\u00e3os e nos ouvidos tamb\u00e9m, claro! E, por certo, eu n\u00e3o deixar passar a oportunidade de compartilha-lo com voc\u00eas.<\/div>\n<div class=\"separator\">Apenas situando, este lp faz parte de uma s\u00e9rie de discos do selo Forma, lan\u00e7ados no meio da d\u00e9cada de 60, cuja a proposta era reunir e apresentar artistas de alto n\u00edvel que estavam desenvolvendo a chamada &#8216;moderna m\u00fasica brasileira&#8217;, no caso, os desdobramento da Bossa Nova.. Chico Feitosa (Francisco Lib\u00f3rio Feitosa), ou ainda Chico Fim de Noite (por conta de sua can\u00e7\u00e3o &#8220;Fim de noite&#8221;) foi um compositor carioca, parceiro de Ronaldo Boscoli e tamb\u00e9m foi secret\u00e1rio do poeta Vin\u00edcius de Moraes. Suas m\u00fasicas foram gravadas por grandes nomes, tipo, Baden Powell, Mari Beth\u00e2nia, Tim Maia, Wilson Simonal e muitos outros. Gravou pouco tendo apenas este lp e um cd &#8220;Um banquinho, um viol\u00e3o&#8230;&#8221;, lan\u00e7ado em 2001. Est\u00e1 a\u00ed um \u00e1lbum que vale ouvir com aten\u00e7\u00e3o. Confiram no GTM&#8230;<\/div>\n<div class=\"separator\">&nbsp;<\/div>\n<div class=\"separator\">fim de noite<\/div>\n<div class=\"separator\">can\u00e7\u00e3o do olhar amado<\/div>\n<div class=\"separator\">caminho<\/div>\n<div class=\"separator\">borboleta<\/div>\n<div class=\"separator\">abandono<\/div>\n<div class=\"separator\">ilus\u00e3o<\/div>\n<div class=\"separator\">inquieta\u00e7\u00e3o<\/div>\n<div class=\"separator\">sou s\u00f3 saudade<\/div>\n<div class=\"separator\">canto<\/div>\n<div class=\"separator\">o amor que aconteceu<\/div>\n<div class=\"separator\">&nbsp;<\/div>\n<div class=\"separator\">&nbsp;<\/div>\n<div class=\"separator\">.<\/div>\n<div class=\"separator\">&nbsp;<\/div>","protected":false},"excerpt":{"rendered":"<p>Ol\u00e1, meus prezados amigos cultos e ocultos! Hoje, dia 5 de fevereiro \u00e9 um dia muito especial para mim. \u00c9 a data do anivers\u00e1rio de minha m\u00e3e e se estivesse viva, hoje estaria completando 94 anos. E a raz\u00e3o de &hellip; <a href=\"https:\/\/www.toque-musicall.com\/?p=9174\">Continue lendo <span class=\"meta-nav\">&rarr;<\/span><\/a><\/p>\n","protected":false},"author":1,"featured_media":0,"comment_status":"closed","ping_status":"closed","sticky":false,"template":"","format":"standard","meta":{"footnotes":""},"categories":[4975,767],"tags":[4976,3240],"class_list":["post-9174","post","type-post","status-publish","format-standard","hentry","category-chico-feitosa","category-selo-forma","tag-chico-feitosa","tag-selo-forma"],"_links":{"self":[{"href":"https:\/\/www.toque-musicall.com\/index.php?rest_route=\/wp\/v2\/posts\/9174","targetHints":{"allow":["GET"]}}],"collection":[{"href":"https:\/\/www.toque-musicall.com\/index.php?rest_route=\/wp\/v2\/posts"}],"about":[{"href":"https:\/\/www.toque-musicall.com\/index.php?rest_route=\/wp\/v2\/types\/post"}],"author":[{"embeddable":true,"href":"https:\/\/www.toque-musicall.com\/index.php?rest_route=\/wp\/v2\/users\/1"}],"replies":[{"embeddable":true,"href":"https:\/\/www.toque-musicall.com\/index.php?rest_route=%2Fwp%2Fv2%2Fcomments&post=9174"}],"version-history":[{"count":2,"href":"https:\/\/www.toque-musicall.com\/index.php?rest_route=\/wp\/v2\/posts\/9174\/revisions"}],"predecessor-version":[{"id":9176,"href":"https:\/\/www.toque-musicall.com\/index.php?rest_route=\/wp\/v2\/posts\/9174\/revisions\/9176"}],"wp:attachment":[{"href":"https:\/\/www.toque-musicall.com\/index.php?rest_route=%2Fwp%2Fv2%2Fmedia&parent=9174"}],"wp:term":[{"taxonomy":"category","embeddable":true,"href":"https:\/\/www.toque-musicall.com\/index.php?rest_route=%2Fwp%2Fv2%2Fcategories&post=9174"},{"taxonomy":"post_tag","embeddable":true,"href":"https:\/\/www.toque-musicall.com\/index.php?rest_route=%2Fwp%2Fv2%2Ftags&post=9174"}],"curies":[{"name":"wp","href":"https:\/\/api.w.org\/{rel}","templated":true}]}}