{"id":9179,"date":"2022-02-07T09:19:00","date_gmt":"2022-02-07T12:19:00","guid":{"rendered":"https:\/\/www.toque-musicall.com\/?p=9179"},"modified":"2022-02-10T13:22:43","modified_gmt":"2022-02-10T16:22:43","slug":"50-sucessos-inesqueciveis-meio-seculo-de-musica-sertaneja-1979","status":"publish","type":"post","link":"https:\/\/www.toque-musicall.com\/?p=9179","title":{"rendered":"50 Sucessos Inesquec\u00edveis &#8211; Meio S\u00e9culo De M\u00fasica Sertaneja (1979)"},"content":{"rendered":"\n<figure class=\"wp-block-image size-large\"><img decoding=\"async\" src=\"https:\/\/blogger.googleusercontent.com\/img\/a\/AVvXsEic08fRv8XHqC8hBv43TI2dAAaMEyaXpmBpA6wpbelCO7h1IURjJnoALUwjE1lOVP9gfNZfesyX7mA05gw6uQfNgBGUJLCrOVa3p2CSHP8weZi2O680Yt4brhVUAgpwOr4VzVIPBssQRfuMMr7OyJXrF7EBEljt8FMztCSVp09XQGvSNbLo2FNtmL3zzw=w640-h632\" alt=\"\"\/><\/figure>\n\n\n\n<figure class=\"wp-block-image size-large\"><img decoding=\"async\" src=\"https:\/\/blogger.googleusercontent.com\/img\/a\/AVvXsEihrPjXeE7s0_JW4kcW91TOnoaPvKe8fBWasW0siFp6f5uuuDEzCcYwjk1kOEg_rxLiPle-yybJG2y_ygdsVLCqW33SSXOdQpvQvIEAAeQ4u5MgSkEyQhuaIe8psq1Wjxsyzxv02A-Pq5Pxvz-VqttdFYpEyU1B9Nlg5JHz-8dj0DAqhux4so1GJZMnRA=w640-h634\" alt=\"\"\/><\/figure>\n\n\n<div class=\"separator\">Bom dia, car\u00edssimos amigos cultos e ocultos! Eis aqui um outro disco que teria servido perfeitamente como uma homenagem a minha m\u00e3e, no \u00faltimo dia 5, quando ent\u00e3o ela fazia anivers\u00e1rio. Ela tinha um gosto ecl\u00e9tico para m\u00fasica e tamb\u00e9m gostava muito da aut\u00eantica m\u00fasica sertaneja. No \u00e1lbum que apresento hoje temos uma s\u00e9rie de m\u00fasicas que faziam parte do seu repert\u00f3rio, m\u00fasicas que conheci e aprendi com ela. Eita, saudade!<\/div>\n<div class=\"separator\">Aqui temos uma colet\u00e2nea de peso, uma sele\u00e7\u00e3o com 50 m\u00fasicas sertanejas de sucesso. Grava\u00e7\u00f5es originais extra\u00eddas de discos lan\u00e7ados pela pr\u00f3pria gravadora, a RCA Victor, ao longo de toda a sua hist\u00f3ria no Brasil. A Victor foi uma das primeiras e grandes gravadoras a investir no g\u00eanero da m\u00fasica rural e isso a gente j\u00e1 viu aqui, inclusive na s\u00e9rie Suplementos (discos de divulga\u00e7\u00e3o), dos quais chegamos at\u00e9 a postar alguns. &#8220;Meio S\u00e9culo de M\u00fasica Sertaneja&#8221; \u00e9 um condensado dos mais interessantes, onde se pode ouvir m\u00fasicas e artistas que hoje s\u00e3o dif\u00edceis de encontrar, principalmente porque muitos deles s\u00f3 chegaram a ser lan\u00e7ados at\u00e9 ent\u00e3o em discos de 78 rpm. Por certo, n\u00e3o se trata de uma sele\u00e7\u00e3o definitiva da aut\u00eantica m\u00fasica sertaneja, bem porque n\u00e3o foi apenas a RCA quem a muito divulgou. Mas temos aqui verdadeiras p\u00e9rolas, que n\u00e3o podem ser jamais esquecidas. Pena que agora o &#8216;agro&#8217; \u00e9 pop e de sertanejo o que se tem hoje \u00e9 apenas saudade. Mas este \u00e1lbum duplo aqui a gente n\u00e3o pode deixar passar batido. Confiram no GTM&#8230;<\/div>\n<div class=\"separator\">\u00a0<\/div>\n<div class=\"separator\">cabocla teresa &#8211; raul torres e flor\u00eancio<\/div>\n<div class=\"separator\">o menino da porteira &#8211; luizinho e limeira<\/div>\n<div class=\"separator\">saudade de mat\u00e3o &#8211; mariano da silva e serrinha<\/div>\n<div class=\"separator\">canta mo\u00e7ada &#8211; tonico e tinoco<\/div>\n<div class=\"separator\">boneca cobi\u00e7ada &#8211; palmeira e bi\u00e1<\/div>\n<div class=\"separator\">n\u00e3o beba mais n\u00e3o &#8211; duo ciriema<\/div>\n<div class=\"separator\">divino esp\u00edrito santo &#8211; torrinha e canhotinho<\/div>\n<div class=\"separator\">vinte anos &#8211; nenete e dorinho<\/div>\n<div class=\"separator\">saudades de ouro preto &#8211; alvarenga e ranchinho<\/div>\n<div class=\"separator\">festa na ro\u00e7a -mario zan<\/div>\n<div class=\"separator\">saudade da minha terra &#8211; belmote e amara\u00ed<\/div>\n<div class=\"separator\">o milagre do ladr\u00e3o &#8211; zilo e zalo<\/div>\n<div class=\"separator\">passarinho de peito amarelo &#8211; tibagi e miltinho<\/div>\n<div class=\"separator\">flor do cafezal &#8211; cascatinha e inhana<\/div>\n<div class=\"separator\">m\u00e1goa de boiadeiro &#8211; pedro bento e z\u00e9 da estrada<\/div>\n<div class=\"separator\">apartamento 37 &#8211; leo canhoto e robertinho<\/div>\n<div class=\"separator\">nossa uni\u00e3o &#8211; ca\u00e7ula e marinheiro<\/div>\n<div class=\"separator\">chit\u00e3ozinho e xoror\u00f3 &#8211; z\u00e9 do rancho e z\u00e9 do pinho<\/div>\n<div class=\"separator\">beijinho doce &#8211; braz\u00e3o e braz\u00e3ozinho<\/div>\n<div class=\"separator\">cora\u00e7\u00e3o apaixonado &#8211; silveira e barrinha<\/div>\n<div class=\"separator\">n\u00e3o me abandones &#8211; irm\u00e3s galv\u00e3o<\/div>\n<div class=\"separator\">meu fracasso &#8211; ti\u00e3o carreiro e carreirinho<\/div>\n<div class=\"separator\">rio de l\u00e1grimas &#8211; tavares e z\u00e9 negr\u00e3o<\/div>\n<div class=\"separator\">chico mulato &#8211; raul torres e florencio<\/div>\n<div class=\"separator\">promessa do batistinha &#8211; sulino e marrueiro<\/div>\n<div class=\"separator\">pingo d&#8217;agua &#8211; raul torres e florencio<\/div>\n<div class=\"separator\">pombinha mensageira &#8211; belmonte e amara\u00ed<\/div>\n<div class=\"separator\">mais uma li\u00e7\u00e3o &#8211; duo ciriema<\/div>\n<div class=\"separator\">disco voador &#8211; palmeira e bi\u00e1<\/div>\n<div class=\"separator\">viola cabocla &#8211; tonico e tinoco<\/div>\n<div class=\"separator\">noite fria &#8211; tibagi e miltinho<\/div>\n<div class=\"separator\">chalana &#8211; mari zan<\/div>\n<div class=\"separator\">conselho de amigo &#8211; nenete e dorinho<\/div>\n<div class=\"separator\">meu velho pai &#8211; leo canhoto e robertinho<\/div>\n<div class=\"separator\">tchau amor &#8211; z\u00e9 tapera e teodoro<\/div>\n<div class=\"separator\">no colo da noite &#8211; z\u00e9 do rancho e z\u00e9 do pinho<\/div>\n<div class=\"separator\">jo\u00e3o de barro &#8211; braz\u00e3o e braz\u00e3ozinho<\/div>\n<div class=\"separator\">mula preta &#8211; raul torres e flor\u00eancio<\/div>\n<div class=\"separator\">amanheci em teu s bra\u00e7os &#8211; pedro bento e z\u00e9 da estrada<\/div>\n<div class=\"separator\">o menino e o circo &#8211; cascatinha e inhana<\/div>\n<div class=\"separator\">canoeiro &#8211; tavares e z\u00e9 negr\u00e3o<\/div>\n<div class=\"separator\">paran\u00e1 do norte &#8211; flor da serra e santiago<\/div>\n<div class=\"separator\">resposta da mariquinha -z\u00e9 do rancho e mariazinha<\/div>\n<div class=\"separator\">meu passarinho &#8211; campanha e cuiabano<\/div>\n<div class=\"separator\">cantando &#8211; duo irm\u00e3s celeste<\/div>\n<div class=\"separator\">meu irm\u00e3o da ro\u00e7a &#8211; leo canhoto e robertinho<\/div>\n<div class=\"separator\">l\u00e1grimas da alma &#8211; belmonte e amara\u00ed<\/div>\n<div class=\"separator\">colcha de retalhos &#8211; duo ciriema<\/div>\n<div class=\"separator\">caminheiro &#8211; zilo e zalo<\/div>\n<div class=\"separator\">couro de boi &#8211; palmeira e bi\u00e1<\/div>\n<div class=\"separator\">\u00a0<\/div>\n<div class=\"separator\">\u00a0<\/div>\n<div class=\"separator\">.<\/div>","protected":false},"excerpt":{"rendered":"<p>Bom dia, car\u00edssimos amigos cultos e ocultos! Eis aqui um outro disco que teria servido perfeitamente como uma homenagem a minha m\u00e3e, no \u00faltimo dia 5, quando ent\u00e3o ela fazia anivers\u00e1rio. Ela tinha um gosto ecl\u00e9tico para m\u00fasica e tamb\u00e9m &hellip; <a href=\"https:\/\/www.toque-musicall.com\/?p=9179\">Continue lendo <span class=\"meta-nav\">&rarr;<\/span><\/a><\/p>\n","protected":false},"author":1,"featured_media":0,"comment_status":"closed","ping_status":"closed","sticky":false,"template":"","format":"standard","meta":{"footnotes":""},"categories":[4978],"tags":[4977,3061],"class_list":["post-9179","post","type-post","status-publish","format-standard","hentry","category-50-sucessos-da-musica-sertaneja","tag-50-sucessos-da-musica-sertaneja","tag-selo-rca-victor"],"_links":{"self":[{"href":"https:\/\/www.toque-musicall.com\/index.php?rest_route=\/wp\/v2\/posts\/9179","targetHints":{"allow":["GET"]}}],"collection":[{"href":"https:\/\/www.toque-musicall.com\/index.php?rest_route=\/wp\/v2\/posts"}],"about":[{"href":"https:\/\/www.toque-musicall.com\/index.php?rest_route=\/wp\/v2\/types\/post"}],"author":[{"embeddable":true,"href":"https:\/\/www.toque-musicall.com\/index.php?rest_route=\/wp\/v2\/users\/1"}],"replies":[{"embeddable":true,"href":"https:\/\/www.toque-musicall.com\/index.php?rest_route=%2Fwp%2Fv2%2Fcomments&post=9179"}],"version-history":[{"count":1,"href":"https:\/\/www.toque-musicall.com\/index.php?rest_route=\/wp\/v2\/posts\/9179\/revisions"}],"predecessor-version":[{"id":9180,"href":"https:\/\/www.toque-musicall.com\/index.php?rest_route=\/wp\/v2\/posts\/9179\/revisions\/9180"}],"wp:attachment":[{"href":"https:\/\/www.toque-musicall.com\/index.php?rest_route=%2Fwp%2Fv2%2Fmedia&parent=9179"}],"wp:term":[{"taxonomy":"category","embeddable":true,"href":"https:\/\/www.toque-musicall.com\/index.php?rest_route=%2Fwp%2Fv2%2Fcategories&post=9179"},{"taxonomy":"post_tag","embeddable":true,"href":"https:\/\/www.toque-musicall.com\/index.php?rest_route=%2Fwp%2Fv2%2Ftags&post=9179"}],"curies":[{"name":"wp","href":"https:\/\/api.w.org\/{rel}","templated":true}]}}