{"id":918,"date":"2010-03-02T10:43:00","date_gmt":"2010-03-02T10:43:00","guid":{"rendered":"http:\/\/www.toque-musicall.com\/?p=918"},"modified":"2010-03-02T10:43:00","modified_gmt":"2010-03-02T10:43:00","slug":"noites-cariocas-ao-vivo-no-municipal-1988","status":"publish","type":"post","link":"https:\/\/www.toque-musicall.com\/?p=918","title":{"rendered":"Noites Cariocas &#8211; Ao Vivo No Municipal (1988)"},"content":{"rendered":"<p><a href=\"http:\/\/1.bp.blogspot.com\/_DSKVEvHtskc\/S4zsSAMyhJI\/AAAAAAAAGQg\/qaFZjqfiuTo\/s1600-h\/noites+cariocas+P.JPG\"><img decoding=\"async\" style=\"TEXT-ALIGN: center; MARGIN: 0px auto 10px; WIDTH: 400px; DISPLAY: block; HEIGHT: 399px; CURSOR: hand\" id=\"BLOGGER_PHOTO_ID_5443985843619529874\" border=\"0\" alt=\"\" src=\"http:\/\/1.bp.blogspot.com\/_DSKVEvHtskc\/S4zsSAMyhJI\/AAAAAAAAGQg\/qaFZjqfiuTo\/s400\/noites+cariocas+P.JPG\" \/><\/a>\u00c9, pelo jeito os nossos conhecedores de m\u00fasica popular brasileira andam mais que ocultos, est\u00e3o mesmo sumidos. At\u00e9 agora ningu\u00e9m se manifestou em rela\u00e7\u00e3o \u00e0s duas \u00faltimas postagens. Tanto os Hamornipops quanto Aim\u00e9 Vereck n\u00e3o foram identificados pelos nossos pesquisadores de plant\u00e3o. Ser\u00e1 que n\u00e3o h\u00e1 ningu\u00e9m por aqui que saiba nos dar mais informa\u00e7\u00f5es sobre os dois \u00faltimos discos postados? Estaria faltando mais intera\u00e7\u00e3o entre n\u00f3s ou realmente ningu\u00e9m sabe mesmo? Continuamos na obscuridade&#8230;<br \/>Mas para n\u00e3o ficarmos totalmente no escuro, vamos mudar o rumo. Vamos para as Noites Cariocas, onde pelo menos as estrelas brilham, tanto no c\u00e9u quanto no palco do Teatro Municipal. Para quebrar um pouco a monotonia, o \u00e1lbum do dia (ou da noite?) \u00e9 dedicado ao chorinho. Temos aqui este bel\u00edssimo \u00e1lbum editado pela extinta Kuarup, &#8220;Noites Cariocas&#8221;. Um registro ao vivo de um &#8216;big&#8217; sarau realizado no Teatro Municipal do Rio de Janeiro nos anos de 1987 e 88. Como podemos ver logo pela capa do disco, participam como figuras principais: Altamiro Carrilho, Z\u00e9 da Velha, Paulo S\u00e9rgio Santos, Chiquinho do Acordeon, Paulo Moura, Paulinho da Viola e Joel Nascimento. Pois \u00e9, noites cariocas n\u00e3o s\u00e3o apenas para o samba. O choro tamb\u00e9m, sempre teve seu lugar garantido na Cidade Maravilhosa.<\/p>\n<div align=\"center\">noites cariocas<\/div>\n<div align=\"center\">carinhoso<\/div>\n<div align=\"center\">aleluia<\/div>\n<div align=\"center\">chorando baixinho<\/div>\n<div align=\"center\">chiquinha gonzaga<\/div>\n<div align=\"center\">espinha de bacalhau<\/div>\n<div align=\"center\">doce de c\u00f4co<\/div>\n<div align=\"center\">ing\u00eanuo<\/div>\n<div align=\"center\">inesquecivel<\/div>\n<div align=\"center\">sarau para radam\u00e9s<\/div>\n<div align=\"center\">remexendo<\/div>\n<div align=\"center\">um a zero<\/div>\n<div align=\"center\">urubu malandro<\/div>\n<div align=\"center\"><\/div>\n<div align=\"center\"><\/div>\n","protected":false},"excerpt":{"rendered":"<p>\u00c9, pelo jeito os nossos conhecedores de m\u00fasica popular brasileira andam mais que ocultos, est\u00e3o mesmo sumidos. At\u00e9 agora ningu\u00e9m se manifestou em rela\u00e7\u00e3o \u00e0s duas \u00faltimas postagens. Tanto os Hamornipops quanto Aim\u00e9 Vereck n\u00e3o foram identificados pelos nossos pesquisadores &hellip; <a href=\"https:\/\/www.toque-musicall.com\/?p=918\">Continue lendo <span class=\"meta-nav\">&rarr;<\/span><\/a><\/p>\n","protected":false},"author":1,"featured_media":0,"comment_status":"open","ping_status":"closed","sticky":false,"template":"","format":"standard","meta":{"footnotes":""},"categories":[213,1229,791,1230,542,987,1228,922],"tags":[],"class_list":["post-918","post","type-post","status-publish","format-standard","hentry","category-altamiro-carrilho","category-chiquinho-do-acordeon","category-joel-nascimento","category-noites-cariocas","category-paulinho-da-viola","category-paulo-moura","category-paulo-sergio-santos","category-ze-da-velha"],"_links":{"self":[{"href":"https:\/\/www.toque-musicall.com\/index.php?rest_route=\/wp\/v2\/posts\/918","targetHints":{"allow":["GET"]}}],"collection":[{"href":"https:\/\/www.toque-musicall.com\/index.php?rest_route=\/wp\/v2\/posts"}],"about":[{"href":"https:\/\/www.toque-musicall.com\/index.php?rest_route=\/wp\/v2\/types\/post"}],"author":[{"embeddable":true,"href":"https:\/\/www.toque-musicall.com\/index.php?rest_route=\/wp\/v2\/users\/1"}],"replies":[{"embeddable":true,"href":"https:\/\/www.toque-musicall.com\/index.php?rest_route=%2Fwp%2Fv2%2Fcomments&post=918"}],"version-history":[{"count":0,"href":"https:\/\/www.toque-musicall.com\/index.php?rest_route=\/wp\/v2\/posts\/918\/revisions"}],"wp:attachment":[{"href":"https:\/\/www.toque-musicall.com\/index.php?rest_route=%2Fwp%2Fv2%2Fmedia&parent=918"}],"wp:term":[{"taxonomy":"category","embeddable":true,"href":"https:\/\/www.toque-musicall.com\/index.php?rest_route=%2Fwp%2Fv2%2Fcategories&post=918"},{"taxonomy":"post_tag","embeddable":true,"href":"https:\/\/www.toque-musicall.com\/index.php?rest_route=%2Fwp%2Fv2%2Ftags&post=918"}],"curies":[{"name":"wp","href":"https:\/\/api.w.org\/{rel}","templated":true}]}}