{"id":9183,"date":"2022-02-08T00:04:00","date_gmt":"2022-02-08T03:04:00","guid":{"rendered":"https:\/\/www.toque-musicall.com\/?p=9183"},"modified":"2022-02-12T08:58:54","modified_gmt":"2022-02-12T11:58:54","slug":"joao-gilberto-o-amor-o-sorriso-e-a-flor-1960-%ef%bf%bc%ef%bf%bc%ef%bf%bc","status":"publish","type":"post","link":"https:\/\/www.toque-musicall.com\/?p=9183","title":{"rendered":"Jo\u00e3o Gilberto &#8211; O Amor O Sorriso E A Flor (1960)"},"content":{"rendered":"\n<figure class=\"wp-block-image size-large\"><img decoding=\"async\" src=\"https:\/\/blogger.googleusercontent.com\/img\/a\/AVvXsEgWHusM_g-FTSxErBzXfPHvu6GclOAGVyhIRaV7QJWYsLg_IUI3myZk0mD0YpKDitdsAvSEj54vCavrfD_zfSWe3zJAOsPnr682lNWAVCv7TH33rVx96bOqF4AmZOCyQNFMAnsMF6Syj_VbFjhlLz0u5LBUtOBJ0pfECaYXI7wR29aS1uzmPA8xlZKUdQ=w640-h634\" alt=\"\"\/><\/figure>\n\n\n\n<figure class=\"wp-block-image size-large\"><img decoding=\"async\" src=\"https:\/\/blogger.googleusercontent.com\/img\/a\/AVvXsEh548WSXVeqvyTeaU1dQ3DssqleLdkk9ut_BXsoNi7b9QF_AoYQF30exLFZjynWzyNAMCFqJ-WFvDHJFNnnirf9B3ceDhwRnDG3B56n21dkCiNsvwFvz60NAzU_ubK3rKHLXQXH7vi1r53xO3_t1HDFe_jEc9VTLB6EBOA-uPAjWKbQmIg9VPGKY3JryQ=w640-h632\" alt=\"\"\/><\/figure>\n\n\n<div class=\"separator\">Boa hora, caros amigos cultos e ocultos! Hoje vamos &#8216;chover no molhado&#8217;, como dizem. Aqui temos um disco e um artista que dispensa apresenta\u00e7\u00f5es, nosso genial Jo\u00e3o Gilberto e talvez nem precisar\u00edamos postar dele um lp oficial, visto que j\u00e1 publicamos muitas outras coisas, como alguns registros hist\u00f3ricos e em especial as grava\u00e7\u00f5es na casa do fot\u00f3grafo Chico Pereira, que deu muito ibope e o que falar&#8230; Mas desta vez, achei por bem trazer esta rara vers\u00e3o de &#8220;O amor, o sorriso e a flor&#8221;, segundo \u00e1lbum de Jo\u00e3o, lan\u00e7ado em 1960, com produ\u00e7\u00e3o de Aloysio de Oliveira. Duas curiosidades fazem parte deste disco, foi a primeira vez que se colocava impressa na contracapa as letras das m\u00fasicas, dando assim ao ouvinte a oportunidade de acompanhar o conte\u00fado musical. Um tend\u00eancia que seria adotada desde ent\u00e3o para muitos discos. Outra curiosidade e aqui foi a que nos levou a post\u00e1-lo, uma vers\u00e3o estereof\u00f4nica, coisa ainda incomum para discos lan\u00e7ados no Brasil naquela \u00e9poca. E este lp aqui \u00e9 uma vers\u00e3o original, certamente lan\u00e7ada com a vers\u00e3o mono que \u00e9 a mais comum. Dif\u00edcil de se ver um exemplar deste e tamb\u00e9m de se ouvir. \u00c9 por essas e por outras que hoje ele \u00e9 o nosso toque musical. Confiram no GTM&#8230;<\/div>\n<div class=\"separator\">&nbsp;<\/div>\n<div class=\"separator\">samba de uma nota s\u00f3<\/div>\n<div class=\"separator\">doralice<\/div>\n<div class=\"separator\">s\u00f3 em teus bra\u00e7os<\/div>\n<div class=\"separator\">trevo de quatro folhas<\/div>\n<div class=\"separator\">se \u00e9 tarde me perdoa<\/div>\n<div class=\"separator\">um abra\u00e7o no bonf\u00e1<\/div>\n<div class=\"separator\">medita\u00e7\u00e3o<\/div>\n<div class=\"separator\">samba de uma nota s\u00f3<\/div>\n<div class=\"separator\">o pato<\/div>\n<div class=\"separator\">corcovado<\/div>\n<div class=\"separator\">discuss\u00e3o<\/div>\n<div class=\"separator\">amor certinho<\/div>\n<div class=\"separator\">outra vez<\/div>\n<div class=\"separator\">&nbsp;<\/div>\n<div class=\"separator\">&nbsp;<\/div>\n<div class=\"separator\">.<\/div>\n<div class=\"separator\">&nbsp;<\/div>","protected":false},"excerpt":{"rendered":"<p>Boa hora, caros amigos cultos e ocultos! Hoje vamos &#8216;chover no molhado&#8217;, como dizem. Aqui temos um disco e um artista que dispensa apresenta\u00e7\u00f5es, nosso genial Jo\u00e3o Gilberto e talvez nem precisar\u00edamos postar dele um lp oficial, visto que j\u00e1 &hellip; <a href=\"https:\/\/www.toque-musicall.com\/?p=9183\">Continue lendo <span class=\"meta-nav\">&rarr;<\/span><\/a><\/p>\n","protected":false},"author":1,"featured_media":0,"comment_status":"closed","ping_status":"closed","sticky":false,"template":"","format":"standard","meta":{"footnotes":""},"categories":[292,86],"tags":[4268,3153],"class_list":["post-9183","post","type-post","status-publish","format-standard","hentry","category-joao-gilberto","category-selo-odeon","tag-joao-gilberto","tag-selo-odeon"],"_links":{"self":[{"href":"https:\/\/www.toque-musicall.com\/index.php?rest_route=\/wp\/v2\/posts\/9183","targetHints":{"allow":["GET"]}}],"collection":[{"href":"https:\/\/www.toque-musicall.com\/index.php?rest_route=\/wp\/v2\/posts"}],"about":[{"href":"https:\/\/www.toque-musicall.com\/index.php?rest_route=\/wp\/v2\/types\/post"}],"author":[{"embeddable":true,"href":"https:\/\/www.toque-musicall.com\/index.php?rest_route=\/wp\/v2\/users\/1"}],"replies":[{"embeddable":true,"href":"https:\/\/www.toque-musicall.com\/index.php?rest_route=%2Fwp%2Fv2%2Fcomments&post=9183"}],"version-history":[{"count":2,"href":"https:\/\/www.toque-musicall.com\/index.php?rest_route=\/wp\/v2\/posts\/9183\/revisions"}],"predecessor-version":[{"id":9185,"href":"https:\/\/www.toque-musicall.com\/index.php?rest_route=\/wp\/v2\/posts\/9183\/revisions\/9185"}],"wp:attachment":[{"href":"https:\/\/www.toque-musicall.com\/index.php?rest_route=%2Fwp%2Fv2%2Fmedia&parent=9183"}],"wp:term":[{"taxonomy":"category","embeddable":true,"href":"https:\/\/www.toque-musicall.com\/index.php?rest_route=%2Fwp%2Fv2%2Fcategories&post=9183"},{"taxonomy":"post_tag","embeddable":true,"href":"https:\/\/www.toque-musicall.com\/index.php?rest_route=%2Fwp%2Fv2%2Ftags&post=9183"}],"curies":[{"name":"wp","href":"https:\/\/api.w.org\/{rel}","templated":true}]}}