{"id":919,"date":"2010-03-01T10:02:00","date_gmt":"2010-03-01T10:02:00","guid":{"rendered":"http:\/\/www.toque-musicall.com\/?p=919"},"modified":"2010-03-01T10:02:00","modified_gmt":"2010-03-01T10:02:00","slug":"aime-vereck-seu-conjunto-de-boite-no-2-1955","status":"publish","type":"post","link":"https:\/\/www.toque-musicall.com\/?p=919","title":{"rendered":"Aim\u00e9 Vereck &#038; Seu Conjunto De Boite N\u00ba 2 (1955)"},"content":{"rendered":"<p><a href=\"http:\/\/3.bp.blogspot.com\/_DSKVEvHtskc\/S4uRFYcYk4I\/AAAAAAAAGQU\/HiE_RdRn8EE\/s1600-h\/aime+vereck+P.JPG\"><img decoding=\"async\" style=\"TEXT-ALIGN: center; MARGIN: 0px auto 10px; WIDTH: 399px; DISPLAY: block; HEIGHT: 400px; CURSOR: hand\" id=\"BLOGGER_PHOTO_ID_5443604096254251906\" border=\"0\" alt=\"\" src=\"http:\/\/3.bp.blogspot.com\/_DSKVEvHtskc\/S4uRFYcYk4I\/AAAAAAAAGQU\/HiE_RdRn8EE\/s400\/aime+vereck+P.JPG\" \/><\/a>Bom dia amigos cultos e ocultos! Come\u00e7o a semana com mais um quebra cabe\u00e7as. Temos aqui mais um disco que carece de informa\u00e7\u00f5es &#8211; uma identidade e uma hist\u00f3ria. Aim\u00e9 Vereck n\u00e3o me \u00e9 um nome muito estranho ou totalmente desconhecido. Ele aparece em pelo menos umas tr\u00eas colet\u00e2neas de antigos \u00e1lbuns de 10 polegadas. Aqui mesmo no Toque Musical ele est\u00e1 presente na sele\u00e7\u00e3o Odeon chamada <a href=\"http:\/\/toque-musicall.blogspot.com\/2008\/05\/solistas-populares-1957.html\">&#8220;Solistas Populares&#8221;<\/a> de 1957. Se procurarmos atrav\u00e9s do Google tamb\u00e9m n\u00e3o chegaremos muito longe. N\u00e3o h\u00e1 uma informa\u00e7\u00e3o m\u00ednima sobre este instrumentista e seu conjunto de &#8216;boite&#8217;. Das pe\u00e7as desse quebra cabe\u00e7as s\u00f3 tenho suposi\u00e7\u00f5es. Acredito que ele tenha sido um saxofonista, pelo menos neste lp. Pelo disco da Odeon, citado acima e tamb\u00e9m em alguns sites fica claro que Aim\u00e9 Vereck tocava ocarina, um instrumento de sopro dos mais antigos, uma esp\u00e9cie de flauta, mas com um formato ovalado. Por\u00e9m, neste disco a ocarina foi trocada pelo saxofone, um instrumento mais condizente com a m\u00fasica de &#8216;boite&#8217; e certamente quem o toca \u00e9 Aim\u00e9 Vereck. Falando do \u00e1lbum, trata-se de um disco bem agrad\u00e1vel. Uma sele\u00e7\u00e3o musical variada onde temos um Noel Rosa (e Vadico) com seu &#8220;Feti\u00e7o da Vila&#8221; num arranjo bem original. H\u00e1 duas composi\u00e7\u00f5es de Aim\u00e9, uma delas em parceria com o bamba da guitarra Poly. As outras faixas s\u00e3o &#8216;starndars&#8217; da m\u00fasica internacional.<br \/>Ta\u00ed&#8230; algumas pe\u00e7as para iniciarmos o quebra cabe\u00e7as. Quem tiver mais, por favor, tragam elas para os coment\u00e1rios. Toda informa\u00e7\u00e3o \u00e9 bem vinda. Universit\u00e1rios de plant\u00e3o, cr\u00edticos, pesquisadores e parentes, queiram se manifestar!<\/p>\n<div align=\"center\">feiti\u00e7o da vila<\/div>\n<div align=\"center\">seven lonely days<\/div>\n<div align=\"center\">bai\u00e3o frisante<\/div>\n<div align=\"center\">la ronde de l&#8217;amour<\/div>\n<div align=\"center\">tr\u00eas patetas<\/div>\n<div align=\"center\">i&#8217;m walking behind you<\/div>\n<div align=\"center\">bai\u00e3o em moscou<\/div>\n<div align=\"center\">melody of love<\/div>\n<div align=\"center\"> <\/div>\n<div align=\"center\"> <\/div>\n","protected":false},"excerpt":{"rendered":"<p>Bom dia amigos cultos e ocultos! Come\u00e7o a semana com mais um quebra cabe\u00e7as. Temos aqui mais um disco que carece de informa\u00e7\u00f5es &#8211; uma identidade e uma hist\u00f3ria. Aim\u00e9 Vereck n\u00e3o me \u00e9 um nome muito estranho ou totalmente &hellip; <a href=\"https:\/\/www.toque-musicall.com\/?p=919\">Continue lendo <span class=\"meta-nav\">&rarr;<\/span><\/a><\/p>\n","protected":false},"author":1,"featured_media":0,"comment_status":"open","ping_status":"closed","sticky":false,"template":"","format":"standard","meta":{"footnotes":""},"categories":[1231],"tags":[],"class_list":["post-919","post","type-post","status-publish","format-standard","hentry","category-aime-vereck"],"_links":{"self":[{"href":"https:\/\/www.toque-musicall.com\/index.php?rest_route=\/wp\/v2\/posts\/919","targetHints":{"allow":["GET"]}}],"collection":[{"href":"https:\/\/www.toque-musicall.com\/index.php?rest_route=\/wp\/v2\/posts"}],"about":[{"href":"https:\/\/www.toque-musicall.com\/index.php?rest_route=\/wp\/v2\/types\/post"}],"author":[{"embeddable":true,"href":"https:\/\/www.toque-musicall.com\/index.php?rest_route=\/wp\/v2\/users\/1"}],"replies":[{"embeddable":true,"href":"https:\/\/www.toque-musicall.com\/index.php?rest_route=%2Fwp%2Fv2%2Fcomments&post=919"}],"version-history":[{"count":0,"href":"https:\/\/www.toque-musicall.com\/index.php?rest_route=\/wp\/v2\/posts\/919\/revisions"}],"wp:attachment":[{"href":"https:\/\/www.toque-musicall.com\/index.php?rest_route=%2Fwp%2Fv2%2Fmedia&parent=919"}],"wp:term":[{"taxonomy":"category","embeddable":true,"href":"https:\/\/www.toque-musicall.com\/index.php?rest_route=%2Fwp%2Fv2%2Fcategories&post=919"},{"taxonomy":"post_tag","embeddable":true,"href":"https:\/\/www.toque-musicall.com\/index.php?rest_route=%2Fwp%2Fv2%2Ftags&post=919"}],"curies":[{"name":"wp","href":"https:\/\/api.w.org\/{rel}","templated":true}]}}