{"id":9193,"date":"2022-02-10T16:35:00","date_gmt":"2022-02-10T19:35:00","guid":{"rendered":"https:\/\/www.toque-musicall.com\/?p=9193"},"modified":"2022-02-13T16:38:38","modified_gmt":"2022-02-13T19:38:38","slug":"orlando-silva-reliquias-brasileiras-vol-1-1985","status":"publish","type":"post","link":"https:\/\/www.toque-musicall.com\/?p=9193","title":{"rendered":"Orlando Silva &#8211; Rel\u00edquias Brasileiras Vol. 1 (1985)\u00a0"},"content":{"rendered":"\n<figure class=\"wp-block-image size-large\"><img decoding=\"async\" src=\"https:\/\/blogger.googleusercontent.com\/img\/a\/AVvXsEgEhr1sGRueJkMIesXtQ8krRud8VJpwsaMlCts7W7uCoC8ywgeciARFb0tP_-b1NCXtygSZCpCf_Uyv3zgvDdRkLFMkCYQ3cNPvjUQgV8GKeZlxJhd0SJq-LozL7yLiwFEsEZ3Of18elJEfvFZHuPhr1sEapFRezTCt_o2ZfEZLhi0hTdDVHN-NvGbSVA=w640-h630\" alt=\"\"\/><\/figure>\n\n\n\n<figure class=\"wp-block-image size-large\"><img decoding=\"async\" src=\"https:\/\/blogger.googleusercontent.com\/img\/a\/AVvXsEheQ8Z06dpWUKIB2wGAsXJgOfblc5BBhynrf5znC3O42wwsNR6JPV1ZQUVkX75AJaRh5_rPIQgV1W-NJtZYNg328OwGeNe19L9X7OulUDRD4-C-A_3bka4_qWyPnYvt32TMM9u0mF-U3P2Iebj7XfiPDG1rGfR7akvnkoKnE_szMsmktAsQPozchL6vDw=w640-h640\" alt=\"\"\/><\/figure>\n\n\n<div class=\"separator\">Bom dia, boa hora&#8230;, caros amigos cultos e ocultos! Aqui temos hoje a presen\u00e7a do grande Orlando Silva em um relan\u00e7amento dos anos 80, o disco &#8220;Rel\u00edquias Brasileiras &#8211; Vol. 1&#8221;, produzido pela R\u00e1dio Am\u00e9rica, de Belo Horizonte. Nessa \u00e9poca, a emissora mineira apresentava um programa com este nome, &#8220;Rel\u00edquias Brasileiras&#8221;, no qual trazia semanalmente uma s\u00e9rie de m\u00fasicas e artistas da \u00e9poca em que os discos eram ainda de 78 rpm, grandes destaques que marcaram a chamada &#8220;Era de Ouro do R\u00e1dio no Brasil&#8221;, nos anos 30, 40 e 50. Acredito que o programa ainda continue no ar, pois at\u00e9 2019 ele era apresentado aos s\u00e1bados a noite, com reprise no domingo, tamb\u00e9m a noite.<\/div>\n<div class=\"separator\">&#8220;Rel\u00edquias Brasileiras&#8221; acabou gerando um apanhado de boa parte da discografia de Orlando Silva, sendo lan\u00e7ados v\u00e1rios volumes na sequ\u00eancia deste. A produ\u00e7\u00e3o inicial foi bem modesta e para tanto, neste primeiro volume, saiu com o selo da RCA Victor, pois os fonogramas eram todos dessa gravadora. Creio que esta foi a primeira reedi\u00e7\u00e3o em discos de 12 polegadas, reunindo as primeiras grava\u00e7\u00f5es do cantor. A partir dessa \u00e9poca outras produtoras e editoras passaram a reeditar esse tipo de material, como foi o caso da Revivendo M\u00fasicas, que gerou um dos maiores cat\u00e1logos nessa linha.<\/div>\n<div class=\"separator\">Neste volume 1, temos uma s\u00e9rie de grava\u00e7\u00f5es, discos de Orlando Silva lan\u00e7ados ainda em sua primeira fase, ou seja, os anos 30. S\u00e3o doze m\u00fasicas, entre sambas, valsas e marcha. Muitas dessas m\u00fasicas, inclusive que j\u00e1 foram a presentadas aqui em nossa s\u00e9rie exclusiva, a cole\u00e7\u00e3o Grand Record Brazil para discos em 78 rpm, pelo nosso saudoso Samuca (Samuel Machado Filho). De quebra e como b\u00f4nus, inclu\u00edmos tamb\u00e9m nesses arquivos um raro jingle comercial da Brahma, com o nosso &#8220;cantor das multid\u00f5es&#8221;. Confiram, no GTM&#8230;<\/div>\n<div class=\"separator\">\u00a0<\/div>\n<div class=\"separator\">no quilometro 2<\/div>\n<div class=\"separator\">para deus somos iguais<\/div>\n<div class=\"separator\">l\u00e1grimas<\/div>\n<div class=\"separator\">j\u00e1 \u00e9 de madrugada<\/div>\n<div class=\"separator\">n\u00e3o \u00e9 proceder<\/div>\n<div class=\"separator\">tristeza<\/div>\n<div class=\"separator\">deusa do cassino<\/div>\n<div class=\"separator\">foi voc\u00ea<\/div>\n<div class=\"separator\">caprichos do destino<\/div>\n<div class=\"separator\">amigo leal<\/div>\n<div class=\"separator\">viva a liberdade<\/div>\n<div class=\"separator\">se a orgia acabar<\/div>\n<div class=\"separator\">chopp brahma (b\u00f4nus)<\/div>\n<div>\u00a0<\/div>\n<div>\u00a0<\/div>","protected":false},"excerpt":{"rendered":"<p>Bom dia, boa hora&#8230;, caros amigos cultos e ocultos! Aqui temos hoje a presen\u00e7a do grande Orlando Silva em um relan\u00e7amento dos anos 80, o disco &#8220;Rel\u00edquias Brasileiras &#8211; Vol. 1&#8221;, produzido pela R\u00e1dio Am\u00e9rica, de Belo Horizonte. Nessa \u00e9poca, &hellip; <a href=\"https:\/\/www.toque-musicall.com\/?p=9193\">Continue lendo <span class=\"meta-nav\">&rarr;<\/span><\/a><\/p>\n","protected":false},"author":1,"featured_media":0,"comment_status":"closed","ping_status":"closed","sticky":false,"template":"","format":"standard","meta":{"footnotes":""},"categories":[85,70,1],"tags":[4671,3061],"class_list":["post-9193","post","type-post","status-publish","format-standard","hentry","category-orlando-silva","category-selo-rca-victor","category-sem-categoria","tag-orlando-silva","tag-selo-rca-victor"],"_links":{"self":[{"href":"https:\/\/www.toque-musicall.com\/index.php?rest_route=\/wp\/v2\/posts\/9193","targetHints":{"allow":["GET"]}}],"collection":[{"href":"https:\/\/www.toque-musicall.com\/index.php?rest_route=\/wp\/v2\/posts"}],"about":[{"href":"https:\/\/www.toque-musicall.com\/index.php?rest_route=\/wp\/v2\/types\/post"}],"author":[{"embeddable":true,"href":"https:\/\/www.toque-musicall.com\/index.php?rest_route=\/wp\/v2\/users\/1"}],"replies":[{"embeddable":true,"href":"https:\/\/www.toque-musicall.com\/index.php?rest_route=%2Fwp%2Fv2%2Fcomments&post=9193"}],"version-history":[{"count":1,"href":"https:\/\/www.toque-musicall.com\/index.php?rest_route=\/wp\/v2\/posts\/9193\/revisions"}],"predecessor-version":[{"id":9194,"href":"https:\/\/www.toque-musicall.com\/index.php?rest_route=\/wp\/v2\/posts\/9193\/revisions\/9194"}],"wp:attachment":[{"href":"https:\/\/www.toque-musicall.com\/index.php?rest_route=%2Fwp%2Fv2%2Fmedia&parent=9193"}],"wp:term":[{"taxonomy":"category","embeddable":true,"href":"https:\/\/www.toque-musicall.com\/index.php?rest_route=%2Fwp%2Fv2%2Fcategories&post=9193"},{"taxonomy":"post_tag","embeddable":true,"href":"https:\/\/www.toque-musicall.com\/index.php?rest_route=%2Fwp%2Fv2%2Ftags&post=9193"}],"curies":[{"name":"wp","href":"https:\/\/api.w.org\/{rel}","templated":true}]}}