{"id":9197,"date":"2022-02-11T20:32:00","date_gmt":"2022-02-11T23:32:00","guid":{"rendered":"https:\/\/www.toque-musicall.com\/?p=9197"},"modified":"2022-02-13T20:37:35","modified_gmt":"2022-02-13T23:37:35","slug":"francisco-alves-moraes-neto-quando-a-saudade-vier-1990","status":"publish","type":"post","link":"https:\/\/www.toque-musicall.com\/?p=9197","title":{"rendered":"Francisco Alves \/ Moraes Neto &#8211; Quando A Saudade Vier (1990)"},"content":{"rendered":"\n<figure class=\"wp-block-image size-large\"><img decoding=\"async\" src=\"https:\/\/blogger.googleusercontent.com\/img\/a\/AVvXsEh2f9c1TQvoLRWpcFvZi5BHzkGZcaFXj2GdhG00cukS_M7IPcIj9O0hec6QqjD904DZah-SJ2q_-5VQQZl6LqCHTk3u1pkF5aznXU4fAIiq2aVxTAr_oSHQRFwsXJj0jQrnA_Q_vb6N85F4lTGndOtCAJNety9CzY6PVJVZHWLT2ojfh_ME0v3al8J82Q=w640-h638\" alt=\"\"\/><\/figure>\n\n\n\n<figure class=\"wp-block-image size-large\"><img decoding=\"async\" src=\"https:\/\/blogger.googleusercontent.com\/img\/a\/AVvXsEiKcDfK0BqEyqE-qdzPNwfLXCMI3Ssg4G-6xNQoXvxZ__lJzVGNIREcv-7pDSoBjeKn0U0nS9LN-LLQQQuNsH4TjRRdIseZTwBkn9NURfzBpWJLypzpNopWVmGOGi-CV5uqpqdBGAAF7LxN5osXWbMK9Y6KC2SEnKg3Ex8QdSMScU8uLqQ-Sl3rwZxM0w=w640-h636\" alt=\"\"\/><\/figure>\n\n\n<div class=\"separator\">Boa hora, meus car\u00edssimos amigos cultos e ocultos! Se n\u00e3o estou enganado, esta \u00e9 a primeira vez que postamos aqui um disco da Revivendo. Em outros momentos j\u00e1 comentamos a respeito dessa editora que resgatou muita coisa importante gravada nos anos 30, 40 e 50, ou seja, m\u00fasicas e artistas cujos registros ficaram apenas nos velhos discos de 78 rpm. Atrav\u00e9s de iniciativas como essa as novas gera\u00e7\u00f5es puderam ter contato e descobrir diversos artistas e m\u00fasicas do passado. N\u00f3s aqui do Toque Musical nunca postamos seus discos, mas boa parte desse material pode ser encontrado na nossa s\u00e9rie exclusiva Grand Record Brazil.<\/div>\n<div class=\"separator\">O disco que temos aqui \u00e9 dedicado a dois cantores, os quais eram contempor\u00e2neos, Francisco Alves e Moraes Neto. Chico Alves dispensa apresenta\u00e7\u00f5es e aqui comparece com seis grava\u00e7\u00f5es lan\u00e7adas entre os anos de 1942 a 44. J\u00e1 Moraes Neto, foi um cantor que gravou pouco, sua discografia \u00e9 pequena, com apenas oito discos lan\u00e7ados pela Odeon. Este \u00e9 o \u00fanico registro deste artista que veio a ser relan\u00e7ado. Dele temos neste lp sete m\u00fasicas entre sambas, valsas e can\u00e7\u00e3o, composi\u00e7\u00f5es de Lamartine Babo, Jos\u00e9 Maria de Abreu, Lupic\u00ednio Rodrigues e outros&#8230; Confiram no GTM.<\/div>\n<div class=\"separator\">\u00a0<\/div>\n<div class=\"separator\">Francisco Alves:<\/div>\n<div class=\"separator\">ora\u00e7\u00e3o ao bonfim<\/div>\n<div class=\"separator\">ternura<\/div>\n<div class=\"separator\">eu, voc\u00ea e mais ningu\u00e9m<\/div>\n<div class=\"separator\">amor pr\u00f3prio<\/div>\n<div class=\"separator\">levanta-te meu amor<\/div>\n<div class=\"separator\">adeus<\/div>\n<div class=\"separator\">a \u00faltima valsa<\/div>\n<div class=\"separator\">\u00a0<\/div>\n<div class=\"separator\">Moraes Neto:<\/div>\n<div class=\"separator\">isto aqui o que \u00e9<\/div>\n<div class=\"separator\">bisarei esta can\u00e7\u00e3o<\/div>\n<div class=\"separator\">adeus amor<\/div>\n<div class=\"separator\">eu \u00e9 que n\u00e3o presto<\/div>\n<div class=\"separator\">quando a saudade vier<\/div>\n<div class=\"separator\">madrugada<\/div>\n<div class=\"separator\">alma dos violinos<\/div>\n<div class=\"separator\">\u00a0<\/div>\n<div class=\"separator\">\u00a0<\/div>\n<div class=\"separator\">.<\/div>","protected":false},"excerpt":{"rendered":"<p>Boa hora, meus car\u00edssimos amigos cultos e ocultos! Se n\u00e3o estou enganado, esta \u00e9 a primeira vez que postamos aqui um disco da Revivendo. Em outros momentos j\u00e1 comentamos a respeito dessa editora que resgatou muita coisa importante gravada nos &hellip; <a href=\"https:\/\/www.toque-musicall.com\/?p=9197\">Continue lendo <span class=\"meta-nav\">&rarr;<\/span><\/a><\/p>\n","protected":false},"author":1,"featured_media":0,"comment_status":"closed","ping_status":"closed","sticky":false,"template":"","format":"standard","meta":{"footnotes":""},"categories":[4980,3638,4936,244,86],"tags":[3482,4981,3680],"class_list":["post-9197","post","type-post","status-publish","format-standard","hentry","category-moraes-neto","category-selo-emi","category-selo-emi-odeon-3","category-selo-emi-odeon","category-selo-odeon","tag-francisco-alves","tag-moraes-neto","tag-selo-emi-odeon"],"_links":{"self":[{"href":"https:\/\/www.toque-musicall.com\/index.php?rest_route=\/wp\/v2\/posts\/9197","targetHints":{"allow":["GET"]}}],"collection":[{"href":"https:\/\/www.toque-musicall.com\/index.php?rest_route=\/wp\/v2\/posts"}],"about":[{"href":"https:\/\/www.toque-musicall.com\/index.php?rest_route=\/wp\/v2\/types\/post"}],"author":[{"embeddable":true,"href":"https:\/\/www.toque-musicall.com\/index.php?rest_route=\/wp\/v2\/users\/1"}],"replies":[{"embeddable":true,"href":"https:\/\/www.toque-musicall.com\/index.php?rest_route=%2Fwp%2Fv2%2Fcomments&post=9197"}],"version-history":[{"count":1,"href":"https:\/\/www.toque-musicall.com\/index.php?rest_route=\/wp\/v2\/posts\/9197\/revisions"}],"predecessor-version":[{"id":9198,"href":"https:\/\/www.toque-musicall.com\/index.php?rest_route=\/wp\/v2\/posts\/9197\/revisions\/9198"}],"wp:attachment":[{"href":"https:\/\/www.toque-musicall.com\/index.php?rest_route=%2Fwp%2Fv2%2Fmedia&parent=9197"}],"wp:term":[{"taxonomy":"category","embeddable":true,"href":"https:\/\/www.toque-musicall.com\/index.php?rest_route=%2Fwp%2Fv2%2Fcategories&post=9197"},{"taxonomy":"post_tag","embeddable":true,"href":"https:\/\/www.toque-musicall.com\/index.php?rest_route=%2Fwp%2Fv2%2Ftags&post=9197"}],"curies":[{"name":"wp","href":"https:\/\/api.w.org\/{rel}","templated":true}]}}