{"id":9200,"date":"2022-02-12T21:59:00","date_gmt":"2022-02-13T00:59:00","guid":{"rendered":"https:\/\/www.toque-musicall.com\/?p=9200"},"modified":"2022-02-18T12:06:22","modified_gmt":"2022-02-18T15:06:22","slug":"bloco-da-palhoca-musica-para-brincar-e-cantar-1980","status":"publish","type":"post","link":"https:\/\/www.toque-musicall.com\/?p=9200","title":{"rendered":"Bloco Da Palho\u00e7a &#8211; M\u00fasica Para Brincar E Cantar (1980)"},"content":{"rendered":"\n<figure class=\"wp-block-image size-large\"><img decoding=\"async\" src=\"https:\/\/blogger.googleusercontent.com\/img\/a\/AVvXsEh6fKPL8rkmFsXV2kNdnPJ9mzFVBBdAl_uC4unn6AXvHKZiBiuMYuaZ2RKZjNV2Sp_gX5iwWbWa69SAtDYfjacuvJojsObMmuUGDWOYh8So9jh8xh-ydmWI3-rHU17ZWFBJZZ7sMgFTCDe_YiDROh9MHmHdp4Mn9Fch6J1r7bYc-jnY_SFbKYE9IG-kgQ=w640-h640\" alt=\"\"\/><\/figure>\n\n\n\n<figure class=\"wp-block-image size-large\"><img decoding=\"async\" src=\"https:\/\/blogger.googleusercontent.com\/img\/a\/AVvXsEiykHVFSx7bZlkfTHnABZOPhC6A2yWue6mI8TMHjDLrNM1hh7EwM-4Ql3I_bARyjYLJESZ1a2ZQZMfAdP42-2dT91CqzAr9xvk_2nc-dSJpnyR_g2fnV7pE4cB4eWQsHM9uyJODY3R-5l4RuRwWzUkWSe2krftd-Q2dMQSQ0qQKtAyMPLYLZMOUtjtq2A=w628-h640\" alt=\"\"\/><\/figure>\n\n\n<div class=\"separator\">Fala a\u00ed, amigos cultos e ocultos! Tudo bem? \ud83d\ude42 Pra n\u00e3o variar, c\u00e1 estou eu no atraso de sempre. As vezes chego quase a desistir desta labuta, mas como \u00e9 uma cacha\u00e7a eu nunca largo&#8230;<\/div>\n<div class=\"separator\">\n<div class=\"separator\">Hoje vamos com um disco de m\u00fasicas para a crian\u00e7ada&#8230; Claro, para a alegria da crian\u00e7a que existe em cada um de n\u00f3s e para tanto, tem que ser algo l\u00fadico, n\u00e9? Aqui temos um trabalho muito bacana que merece nosso toque musical, o Bloco da Palho\u00e7a. Idealizado por Bia Bedran, Victor Larica e Ricardo Medeiros numa noite de festejo, no interior de S\u00e3o Paulo. Nascia a\u00ed uma proposta musical voltada para o p\u00fablico infantil. Com a participa\u00e7\u00e3o de outros m\u00fasicos (Greggy Anrique, Marcos Amma, Gerson Congol\u00eas e Louren\u00e7o Baeta) estava formado o Bloco da Palho\u00e7a que viria no in\u00edcio dos anos 80 a gravar e lan\u00e7ar este lp, o &#8220;M\u00fasica para brincar e cantar&#8221;. Dentro desse campo da m\u00fasica voltada para crian\u00e7as eles conseguiram um relativo sucesso, excursionando por v\u00e1rias cidades, principalmente do interior, do sul e sudeste do pa\u00eds. Nos anos 90 cada um dos artistas seguiu em carreira solo e projetos pessoais, mas viriam a se reencontrar anos depois para lan\u00e7arem um novo disco, no caso um novo cd. Infelizmente este primeiro trabalho nunca chegou a ser relan\u00e7ado e pelo que contam, eles perderam a fita master, da\u00ed, s\u00f3 extraindo o som do velho lp. Por essas e por outras \u00e9 que este disco merece estar aqui em nossas fileiras &#8216;fonomusicais&#8217;. E por certo, logo vai estar tamb\u00e9m completo no Youtube, depois que algu\u00e9m aqui baixar o arquivo l\u00e1 no GTM \ud83d\ude42<\/div>\n<div class=\"separator\">\u00a0<\/div>\n<div class=\"separator\">alumiou<\/div>\n<div class=\"separator\">vapor de cachoeira<\/div>\n<div class=\"separator\">brincadeira do eco<\/div>\n<div class=\"separator\">mariquinha<\/div>\n<div class=\"separator\">toc-toc<\/div>\n<div class=\"separator\">a mo\u00e7a e a mosca<\/div>\n<div class=\"separator\">apresentando a percuss\u00e3o<\/div>\n<div class=\"separator\">papagaio canta<\/div>\n<div class=\"separator\">a dan\u00e7a do catira<\/div>\n<div class=\"separator\">acalanto de planta<\/div>\n<div class=\"separator\">tangolomango<\/div>\n<div class=\"separator\">menino me conta<\/div>\n<div class=\"separator\">\u00a0<\/div>\n<div class=\"separator\">\u00a0<\/div>\n<div class=\"separator\">.<\/div>\n<\/div>\n<div class=\"separator\">.<\/div>\n<div class=\"separator\">\u00a0<\/div>\n<div class=\"separator\">\u00a0<\/div>","protected":false},"excerpt":{"rendered":"<p>Fala a\u00ed, amigos cultos e ocultos! Tudo bem? \ud83d\ude42 Pra n\u00e3o variar, c\u00e1 estou eu no atraso de sempre. As vezes chego quase a desistir desta labuta, mas como \u00e9 uma cacha\u00e7a eu nunca largo&#8230; Hoje vamos com um disco &hellip; <a href=\"https:\/\/www.toque-musicall.com\/?p=9200\">Continue lendo <span class=\"meta-nav\">&rarr;<\/span><\/a><\/p>\n","protected":false},"author":1,"featured_media":0,"comment_status":"closed","ping_status":"closed","sticky":false,"template":"","format":"standard","meta":{"footnotes":""},"categories":[4982,982,83],"tags":[4983,3806,3723],"class_list":["post-9200","post","type-post","status-publish","format-standard","hentry","category-bloco-da-palhoca","category-infantil","category-selo-musicolor","tag-bloco-da-palhoca","tag-infantil","tag-selo-musicolor"],"_links":{"self":[{"href":"https:\/\/www.toque-musicall.com\/index.php?rest_route=\/wp\/v2\/posts\/9200","targetHints":{"allow":["GET"]}}],"collection":[{"href":"https:\/\/www.toque-musicall.com\/index.php?rest_route=\/wp\/v2\/posts"}],"about":[{"href":"https:\/\/www.toque-musicall.com\/index.php?rest_route=\/wp\/v2\/types\/post"}],"author":[{"embeddable":true,"href":"https:\/\/www.toque-musicall.com\/index.php?rest_route=\/wp\/v2\/users\/1"}],"replies":[{"embeddable":true,"href":"https:\/\/www.toque-musicall.com\/index.php?rest_route=%2Fwp%2Fv2%2Fcomments&post=9200"}],"version-history":[{"count":2,"href":"https:\/\/www.toque-musicall.com\/index.php?rest_route=\/wp\/v2\/posts\/9200\/revisions"}],"predecessor-version":[{"id":9202,"href":"https:\/\/www.toque-musicall.com\/index.php?rest_route=\/wp\/v2\/posts\/9200\/revisions\/9202"}],"wp:attachment":[{"href":"https:\/\/www.toque-musicall.com\/index.php?rest_route=%2Fwp%2Fv2%2Fmedia&parent=9200"}],"wp:term":[{"taxonomy":"category","embeddable":true,"href":"https:\/\/www.toque-musicall.com\/index.php?rest_route=%2Fwp%2Fv2%2Fcategories&post=9200"},{"taxonomy":"post_tag","embeddable":true,"href":"https:\/\/www.toque-musicall.com\/index.php?rest_route=%2Fwp%2Fv2%2Ftags&post=9200"}],"curies":[{"name":"wp","href":"https:\/\/api.w.org\/{rel}","templated":true}]}}