{"id":9205,"date":"2022-02-14T09:53:00","date_gmt":"2022-02-14T12:53:00","guid":{"rendered":"https:\/\/www.toque-musicall.com\/?p=9205"},"modified":"2022-02-20T09:56:47","modified_gmt":"2022-02-20T12:56:47","slug":"ricardo-bomba-ultralight-1988-%ef%bf%bc","status":"publish","type":"post","link":"https:\/\/www.toque-musicall.com\/?p=9205","title":{"rendered":"Ricardo Bomba &#8211; Ultralight (1988)"},"content":{"rendered":"\n<figure class=\"wp-block-image size-large\"><img decoding=\"async\" src=\"https:\/\/blogger.googleusercontent.com\/img\/a\/AVvXsEgl7czmc7ZEuadaBArpZUl4oUNpRZT8au1srLr76tqaK-MTlEIwFPeJdUKUHdubUuNYBr3r-anAwPbIVinjLBpU1Z5GQZ8qQqEZUNFgFqQzm78yDcc6B4OuPXZu1hSxusfu6kFp6vDKV3QLC1qySrGXJEE1e0pfK-cOGxw6mOE1eBG8oEELNRR33R0gog=w624-h640\" alt=\"\"\/><\/figure>\n\n\n\n<figure class=\"wp-block-image size-large\"><img decoding=\"async\" src=\"https:\/\/blogger.googleusercontent.com\/img\/a\/AVvXsEhLMIPbh9DjqhN8Tj9yTmJn6lUY4o36lHx0OSHHn3rTOSNBuZM25XnLsF0hie8bn9bZ1aDiB9UGEb1tmvqR4NTcSyrE1Eab05rskSsueGCXmiQyV-vVq8Yv4OI-ZCvB9aD1JiGEHluLuMrsE_3Db42OBPzSLma2e-2c0AZ8zAGIZMxkRJsi1BgkYhIFwQ=w640-h628\" alt=\"\"\/><\/figure>\n\n\n<div class=\"separator\">Bom dia, amigos cultos e ocultos! Hoje nosso encontro \u00e9 com o m\u00fasico Ricardo Bomba e seu excelente \u00e1lbum &#8220;Ultralight&#8221;, lan\u00e7ado em 1988, com a etiqueta Tropical Jazz, que era um selo independente, creio que criado pelo pr\u00f3prio m\u00fasico carioca, que tamb\u00e9m era dono de um excelente est\u00fadio, por onde transitavam grandes m\u00fasicos. Tamb\u00e9m conhecido como Ricardo Duna, tocou nas bandas de Jorge Benjor, Lulu Santos e muitos outros. Iniciou sua carreira como um m\u00fasico pop, mas a experi\u00eancia e os contatos musicais acabaram levando o artista para o lado do jazz, da m\u00fasica com teor instrumental, o que fez ele muito bem. &#8220;Ultralight&#8221; foi seu primeiro lp, embora j\u00e1 tivesse lan\u00e7ado um compacto numa linha mais pop. Seu lp de estreia, muito pautado numa linha jazz\u00edstica, com pitadas de bossa e pop e uma excel\u00eancia instrumental, deram a ele o premio de melhor revela\u00e7\u00e3o masculina na categoria Can\u00e7\u00e3o Popular. E neste lp temos 10 m\u00fasicas autorais, com um aut\u00eantico frescor tropical e porque n\u00e3o dizer carioca. Ele vem acompanhado um bom time de m\u00fasicos que lhe garantem um \u00e1lbum de qualidade, basta ver a lista da contracapa. Para quem n\u00e3o conhece, fica aqui o nosso toque musical. Disco bacana e que agrada em cheio. Confiram no GTM&#8230;<\/div>\n<div class=\"separator\">&nbsp;<\/div>\n<div class=\"separator\">saudade<\/div>\n<div class=\"separator\">ultralight<\/div>\n<div class=\"separator\">never regret<\/div>\n<div class=\"separator\">passear por toda a madrugada<\/div>\n<div class=\"separator\">childhood<\/div>\n<div class=\"separator\">al\u00e9m dessa can\u00e7\u00e3o<\/div>\n<div class=\"separator\">leve<\/div>\n<div class=\"separator\">falling in love<\/div>\n<div class=\"separator\">peda\u00e7o do sol<\/div>\n<div class=\"separator\">s\u00f3 sentimento o momento<\/div>\n<div class=\"separator\">&nbsp;<\/div>\n<div class=\"separator\">&nbsp;<\/div>\n<div class=\"separator\">.<\/div>\n<div class=\"separator\">&nbsp;<\/div>","protected":false},"excerpt":{"rendered":"<p>Bom dia, amigos cultos e ocultos! Hoje nosso encontro \u00e9 com o m\u00fasico Ricardo Bomba e seu excelente \u00e1lbum &#8220;Ultralight&#8221;, lan\u00e7ado em 1988, com a etiqueta Tropical Jazz, que era um selo independente, creio que criado pelo pr\u00f3prio m\u00fasico carioca, &hellip; <a href=\"https:\/\/www.toque-musicall.com\/?p=9205\">Continue lendo <span class=\"meta-nav\">&rarr;<\/span><\/a><\/p>\n","protected":false},"author":1,"featured_media":0,"comment_status":"closed","ping_status":"closed","sticky":false,"template":"","format":"standard","meta":{"footnotes":""},"categories":[4994,4995],"tags":[4997,3017,4996],"class_list":["post-9205","post","type-post","status-publish","format-standard","hentry","category-ricardo-bomba","category-selo-tropical-jazz","tag-ricardo-bomba","tag-selo-independente","tag-selo-tropical-jazz"],"_links":{"self":[{"href":"https:\/\/www.toque-musicall.com\/index.php?rest_route=\/wp\/v2\/posts\/9205","targetHints":{"allow":["GET"]}}],"collection":[{"href":"https:\/\/www.toque-musicall.com\/index.php?rest_route=\/wp\/v2\/posts"}],"about":[{"href":"https:\/\/www.toque-musicall.com\/index.php?rest_route=\/wp\/v2\/types\/post"}],"author":[{"embeddable":true,"href":"https:\/\/www.toque-musicall.com\/index.php?rest_route=\/wp\/v2\/users\/1"}],"replies":[{"embeddable":true,"href":"https:\/\/www.toque-musicall.com\/index.php?rest_route=%2Fwp%2Fv2%2Fcomments&post=9205"}],"version-history":[{"count":2,"href":"https:\/\/www.toque-musicall.com\/index.php?rest_route=\/wp\/v2\/posts\/9205\/revisions"}],"predecessor-version":[{"id":9207,"href":"https:\/\/www.toque-musicall.com\/index.php?rest_route=\/wp\/v2\/posts\/9205\/revisions\/9207"}],"wp:attachment":[{"href":"https:\/\/www.toque-musicall.com\/index.php?rest_route=%2Fwp%2Fv2%2Fmedia&parent=9205"}],"wp:term":[{"taxonomy":"category","embeddable":true,"href":"https:\/\/www.toque-musicall.com\/index.php?rest_route=%2Fwp%2Fv2%2Fcategories&post=9205"},{"taxonomy":"post_tag","embeddable":true,"href":"https:\/\/www.toque-musicall.com\/index.php?rest_route=%2Fwp%2Fv2%2Ftags&post=9205"}],"curies":[{"name":"wp","href":"https:\/\/api.w.org\/{rel}","templated":true}]}}