{"id":9208,"date":"2022-02-15T09:57:00","date_gmt":"2022-02-15T12:57:00","guid":{"rendered":"https:\/\/www.toque-musicall.com\/?p=9208"},"modified":"2022-02-20T10:02:49","modified_gmt":"2022-02-20T13:02:49","slug":"sambas-de-enredo-das-escolas-de-samba-do-grupo-1-1973","status":"publish","type":"post","link":"https:\/\/www.toque-musicall.com\/?p=9208","title":{"rendered":"Sambas De Enredo Das Escolas De Samba Do Grupo 1 (1973)"},"content":{"rendered":"\n<figure class=\"wp-block-image size-large\"><img decoding=\"async\" src=\"https:\/\/blogger.googleusercontent.com\/img\/a\/AVvXsEg9BpGmRrLNkaUvndvxniqZV6-GzwcdJvT3ZiStGj_qZSS-nUbbf06ipYsBP70UugXLZTjFnm_3p9F2_CcxwtI-z4ThzslpxIarOEKS54S1Z6wsOApjfXMMAzcFZpMGAUu0GAIar7Zo33M3ZtTM-IiozX8K-vMkrtNu32_T4dCKg6P3ikblsprudvgzgg=w636-h640\" alt=\"\"\/><\/figure>\n\n\n\n<figure class=\"wp-block-image size-large\"><img decoding=\"async\" src=\"https:\/\/blogger.googleusercontent.com\/img\/a\/AVvXsEiEHVIIT88QYFbZ1dBhifbJWFI7R2OHQizDzdf2-1J7Ox5qoAMTeb6oy70ZMH5y7HGhFwW2BsbYqFqNIP_0IhO0-pDcKm13MewMV-FdTnCBBRfLZEpgrx_RPYlwj4Lk6RbNoE5Sd-oO5J_pph--92bFjQ9MXB4Xzz9zMqsifOkyv3KthkQCThnH5J22Qg=w618-h640\" alt=\"\"\/><\/figure>\n\n\n<div class=\"separator\">Diz a\u00ed, gente boa, amigos cultos e ocultos, que tal um disco de carnaval? \u00c9&#8230; estamos no m\u00eas do Carnaval e por mais um ano a festa n\u00e3o vai se realizar, infelizmente&#8230; N\u00e3o, n\u00e3o \u00e9 infelizmente! Infelizmente seria se acontecesse, pois como todos n\u00f3s sabemos a pandemia ainda n\u00e3o passou. O que passou foi s\u00f3 a ideia de que est\u00e1 tudo bem, isso, claro, na mente de quem passa o dia babando e comendo capim no pasto. Se dependesse dessa gente n\u00e3o se fechava nada e m\u00e1scaras&#8230; &#8220;Ah, isso \u00e9 bobagem, basta tomar uma cloroquina que est\u00e1 tudo bem. Vamos para a farra! E nosso direito de ir e vir?&#8221; Este \u00e9 o pensamento vigente dessa ra\u00e7a negacionista, gente que n\u00e3o sabe o que \u00e9 viver em sociedade. Gente que n\u00e3o sabe respeitar um pacto social, mas adora falar de individualidade. Putz! Como tem gente burra nesse mundo! E s\u00e3o exatamente esses que est\u00e3o se fodendo, morrendo em hospitais por n\u00e3o terem tomado as vacinas e ainda de quebra contaminam e tomam o lugar de um outro\u00a0 doente ou lotam os hospitais e clinicas. Isso sim \u00e9 que \u00e9 ser ego\u00edsta, individualista e porque n\u00e3o e s\u00f3 podem ser mesmo bolsonaristas. Eu n\u00e3o posso ficar falando sobre essas merdas aqui porque logo eu sofro retalia\u00e7\u00e3o, sou censurado e misteriosamente o site sai do ar. Mas tem hora que a gente precisa falar, se manifestar&#8230; Al\u00e9m do mais, este espa\u00e7o \u00e9 pessoal, eu e minha equipe temos o direito de nos manifestarmos como quisermos. Por\u00e9m, a premissa da &#8216;livre express\u00e3o&#8217; para essa gente s\u00f3 vale de um lado, o lado escroto da hipocrisia direitista. N\u00e3o estranhe se por uns dias a vers\u00e3o WordPress do Toque Musical sair do ar, com certeza ser\u00e1 retalia\u00e7\u00e3o. \u00c9 preciso muito jogo de cintura para levar essa gente&#8230;<\/div>\n<div class=\"separator\">Mas, deixemos de lado as &#8216;escrotices&#8217; e voltemos ao nosso toque musical de hoje. Como se pode ver, temos aqui um \u00e1lbum de carnaval, disco lan\u00e7ado pela Top Tape em 1973. Uma sele\u00e7\u00e3o das dez melhores escolas de sambas do Rio de Janeiro e seus sambas enredos para a festa daquele ano. Realmente, \u00e9 not\u00e1vel o n\u00edvel e a qualidade de um carnaval que hoje j\u00e1 n\u00e3o temos mais. E a isso eu me refiro a quest\u00e3o cultural, a maneira como se fazia uma festa na avenida, num tempo onde a festa n\u00e3o era um espet\u00e1culo comercial, um bom neg\u00f3cio onde se ganha muito dinheiro. A ind\u00fastria do carnaval cresceu, assim como tudo que \u00e9 popular e pode ser taxado, pode ser vendido (um bom exemplo \u00e9 tamb\u00e9m o futebol). Mas essas coisas trazem um algo al\u00e9m, a tradi\u00e7\u00e3o e \u00e9 por ela que tudo se sustenta. Quem hoje, em plena pandemia, pede festa e aglomera\u00e7\u00e3o est\u00e1 visando apenas lucro, fazer dinheiro, n\u00e3o deixar o neg\u00f3cio carnavale$co morrer, quando o certo seria se guardar para quando o verdadeiro Carnaval chegar. E tenho dito&#8230;<\/div>\n<div class=\"separator\">\u00a0<\/div>\n<div class=\"separator\">o mundo melhor de pixinguinha &#8211; portela<\/div>\n<div class=\"separator\">brasil ano dois mil &#8211; beija flor<\/div>\n<div class=\"separator\">hero\u00ednas do romance brasileiro &#8211; unidos de s\u00e3o carlos<\/div>\n<div class=\"separator\">r\u00e9quiem por um sambista &#8211; silas de oliveira &#8211; imperatriz leopodinense<\/div>\n<div class=\"separator\">dona santa rainha do maracatu &#8211; imp\u00e9rio serrano<\/div>\n<div class=\"separator\">mangueira em tempo de folclore &#8211; mangueira<\/div>\n<div class=\"separator\">a festa do divino &#8211; mocidade independente de padre miguel<\/div>\n<div class=\"separator\">aruan\u00e3-a\u00e7u &#8211; vila isabel<\/div>\n<div class=\"separator\">a festa dos deuses afrobrasileiros &#8211; em cima da hora<\/div>\n<div class=\"separator\">rei da fran\u00e7a na ilha da assombra\u00e7\u00e3o &#8211; salgueiro<\/div>\n<div class=\"separator\">\u00a0<\/div>\n<div class=\"separator\">\u00a0<\/div>\n<div class=\"separator\">.<\/div>","protected":false},"excerpt":{"rendered":"<p>Diz a\u00ed, gente boa, amigos cultos e ocultos, que tal um disco de carnaval? \u00c9&#8230; estamos no m\u00eas do Carnaval e por mais um ano a festa n\u00e3o vai se realizar, infelizmente&#8230; N\u00e3o, n\u00e3o \u00e9 infelizmente! Infelizmente seria se acontecesse, &hellip; <a href=\"https:\/\/www.toque-musicall.com\/?p=9208\">Continue lendo <span class=\"meta-nav\">&rarr;<\/span><\/a><\/p>\n","protected":false},"author":1,"featured_media":0,"comment_status":"closed","ping_status":"closed","sticky":false,"template":"","format":"standard","meta":{"footnotes":""},"categories":[263,4998,193],"tags":[3458,4999,3133],"class_list":["post-9208","post","type-post","status-publish","format-standard","hentry","category-carnaval","category-sambas-de-enredo-das-escolas-de-samba-do-grupo-1","category-selo-top-tape","tag-carnaval","tag-sambas-de-enredo-das-escolas-de-samba-do-grupo-1","tag-selo-top-tape"],"_links":{"self":[{"href":"https:\/\/www.toque-musicall.com\/index.php?rest_route=\/wp\/v2\/posts\/9208","targetHints":{"allow":["GET"]}}],"collection":[{"href":"https:\/\/www.toque-musicall.com\/index.php?rest_route=\/wp\/v2\/posts"}],"about":[{"href":"https:\/\/www.toque-musicall.com\/index.php?rest_route=\/wp\/v2\/types\/post"}],"author":[{"embeddable":true,"href":"https:\/\/www.toque-musicall.com\/index.php?rest_route=\/wp\/v2\/users\/1"}],"replies":[{"embeddable":true,"href":"https:\/\/www.toque-musicall.com\/index.php?rest_route=%2Fwp%2Fv2%2Fcomments&post=9208"}],"version-history":[{"count":1,"href":"https:\/\/www.toque-musicall.com\/index.php?rest_route=\/wp\/v2\/posts\/9208\/revisions"}],"predecessor-version":[{"id":9209,"href":"https:\/\/www.toque-musicall.com\/index.php?rest_route=\/wp\/v2\/posts\/9208\/revisions\/9209"}],"wp:attachment":[{"href":"https:\/\/www.toque-musicall.com\/index.php?rest_route=%2Fwp%2Fv2%2Fmedia&parent=9208"}],"wp:term":[{"taxonomy":"category","embeddable":true,"href":"https:\/\/www.toque-musicall.com\/index.php?rest_route=%2Fwp%2Fv2%2Fcategories&post=9208"},{"taxonomy":"post_tag","embeddable":true,"href":"https:\/\/www.toque-musicall.com\/index.php?rest_route=%2Fwp%2Fv2%2Ftags&post=9208"}],"curies":[{"name":"wp","href":"https:\/\/api.w.org\/{rel}","templated":true}]}}