{"id":9211,"date":"2022-02-16T15:16:00","date_gmt":"2022-02-16T18:16:00","guid":{"rendered":"https:\/\/www.toque-musicall.com\/?p=9211"},"modified":"2022-02-20T16:34:14","modified_gmt":"2022-02-20T19:34:14","slug":"luiz-ayrao-alegria-geral-1984","status":"publish","type":"post","link":"https:\/\/www.toque-musicall.com\/?p=9211","title":{"rendered":"Luiz Ayr\u00e3o &#8211; Alegria Geral (1984)"},"content":{"rendered":"\n<figure class=\"wp-block-image size-large\"><img decoding=\"async\" src=\"https:\/\/blogger.googleusercontent.com\/img\/a\/AVvXsEhqMrfP9B4vSVEF4MDlsg_RBRnLounKgV0wuJ4rCgJAGaCcesI868waw5zRlpQwh00UBWBhFPWkN4B5Bngf1YAyPIipqgjyDPbEpHjQrR80x3ggirgy-hDao1NEfPw6rSi8T0pKNbKbAbEZsjcTkOgRoKsDj37K2n--JpaypoE9eirBbm6uNlQOHR0_kA=w630-h640\" alt=\"\"\/><\/figure>\n\n\n\n<figure class=\"wp-block-image size-large\"><img decoding=\"async\" src=\"https:\/\/blogger.googleusercontent.com\/img\/a\/AVvXsEg0yfUpZmLWoE2NZTIQ8PnPlN01xfKC8QsUOunYpRmeKyTWwHlxLd-jgCeUnqTbeTaFKqqShjcpO77Obr3YnJxq3HQMJpadW4fNmU-GM0Z5T5o7JxFT3HKflKkZOcRfKiP87N2vNk9YctUOeBza_7YlGNWRXuy0qkLCgcXjiSbg_-h0Xq-tB_oUSYqvzA=w624-h640\" alt=\"\"\/><\/figure>\n\n\n<div class=\"separator\">Boa tarde, companheiros, amigos cultos e ocultos! Eis um artista que por aqui, at\u00e9 hoje, s\u00f3 postamos m\u00fasicas individuais presentes em colet\u00e2neas. S\u00f3 vim a dar conta disso, quando o amigo F\u00e1res me pediu sua discografia e para variar percebi que n\u00e3o tinha nada deste compositor, cantor e sambista, a n\u00e3o ser este lp que hoje apresentamos a voc\u00eas.<\/div>\n<div class=\"separator\">Luiz Ayr\u00e3o, para quem n\u00e3o sabe, \u00e9 filho do compositor Darcy Ayr\u00e3o e sobrinho do saxofonista Juca Azevedo, com quem veio a conhecer grandes nomes da da nossa m\u00fasica e de onde nasceria seu desejo de tamb\u00e9m se tornar um compositor. Cresceu num ambiente musical, o que lhe garantiu um bom come\u00e7o. Suas primeiras composi\u00e7\u00f5es foram gravadas por Roberto Carlos, mas tamb\u00e9m fez m\u00fasica para muitos artistas da Jovem Guarda. Seu primeiro sucesso veio num compacto lan\u00e7ado em 1973, o samba &#8220;Porta aberta&#8221;, o que lhe garantiu em seguida o primeiro lp. Da\u00ed por diante, Luiz Ayr\u00e3o se consagraria como cantor e compositor, passando a gravar v\u00e1rios discos e tamb\u00e9m a lan\u00e7ar v\u00e1rios outros sucessos. Se tornou mais conhecido com um sambista, por conta de suas composi\u00e7\u00f5es serem quase sempre nesse g\u00eanero. &#8220;Alegria Geral&#8221; foi seu d\u00e9cimo primeiro disco e nele vamos encontrar tamb\u00e9m muito samba, cabendo tamb\u00e9m espa\u00e7o para bai\u00e3o, frevo, choro e can\u00e7\u00e3o rom\u00e2ntica. Um disco bem honesto, que embora n\u00e3o tenha um sucesso de destaque, traz uma sele\u00e7\u00e3o quase toda de composi\u00e7\u00f5es autorais que agrada em cheio. Confiram no GTM&#8230;.<\/div>\n<div class=\"separator\">\u00a0<\/div>\n<div class=\"separator\">\u00e9 da juventude<\/div>\n<div class=\"separator\">um sou eu<\/div>\n<div class=\"separator\">brisa errante<\/div>\n<div class=\"separator\">venho velho<\/div>\n<div class=\"separator\">aventureiro<\/div>\n<div class=\"separator\">caf\u00e9 amigo<\/div>\n<div class=\"separator\">dez mandamentos para um povo feliz<\/div>\n<div class=\"separator\">cad\u00ea iai\u00e1<\/div>\n<div class=\"separator\">roqueiro<\/div>\n<div class=\"separator\">aus\u00eancia<\/div>\n<div class=\"separator\">gatice<\/div>\n<div class=\"separator\">eu o rei voc\u00ea a rainha<\/div>\n<div class=\"separator\">\u00a0<\/div>\n<div class=\"separator\">\u00a0<\/div>","protected":false},"excerpt":{"rendered":"<p>Boa tarde, companheiros, amigos cultos e ocultos! Eis um artista que por aqui, at\u00e9 hoje, s\u00f3 postamos m\u00fasicas individuais presentes em colet\u00e2neas. S\u00f3 vim a dar conta disso, quando o amigo F\u00e1res me pediu sua discografia e para variar percebi &hellip; <a href=\"https:\/\/www.toque-musicall.com\/?p=9211\">Continue lendo <span class=\"meta-nav\">&rarr;<\/span><\/a><\/p>\n","protected":false},"author":1,"featured_media":0,"comment_status":"closed","ping_status":"closed","sticky":false,"template":"","format":"standard","meta":{"footnotes":""},"categories":[1104,152,1],"tags":[5000,3108],"class_list":["post-9211","post","type-post","status-publish","format-standard","hentry","category-luiz-ayrao","category-selo-copacabana","category-sem-categoria","tag-luiz-ayrao","tag-selo-copacabana"],"_links":{"self":[{"href":"https:\/\/www.toque-musicall.com\/index.php?rest_route=\/wp\/v2\/posts\/9211","targetHints":{"allow":["GET"]}}],"collection":[{"href":"https:\/\/www.toque-musicall.com\/index.php?rest_route=\/wp\/v2\/posts"}],"about":[{"href":"https:\/\/www.toque-musicall.com\/index.php?rest_route=\/wp\/v2\/types\/post"}],"author":[{"embeddable":true,"href":"https:\/\/www.toque-musicall.com\/index.php?rest_route=\/wp\/v2\/users\/1"}],"replies":[{"embeddable":true,"href":"https:\/\/www.toque-musicall.com\/index.php?rest_route=%2Fwp%2Fv2%2Fcomments&post=9211"}],"version-history":[{"count":1,"href":"https:\/\/www.toque-musicall.com\/index.php?rest_route=\/wp\/v2\/posts\/9211\/revisions"}],"predecessor-version":[{"id":9212,"href":"https:\/\/www.toque-musicall.com\/index.php?rest_route=\/wp\/v2\/posts\/9211\/revisions\/9212"}],"wp:attachment":[{"href":"https:\/\/www.toque-musicall.com\/index.php?rest_route=%2Fwp%2Fv2%2Fmedia&parent=9211"}],"wp:term":[{"taxonomy":"category","embeddable":true,"href":"https:\/\/www.toque-musicall.com\/index.php?rest_route=%2Fwp%2Fv2%2Fcategories&post=9211"},{"taxonomy":"post_tag","embeddable":true,"href":"https:\/\/www.toque-musicall.com\/index.php?rest_route=%2Fwp%2Fv2%2Ftags&post=9211"}],"curies":[{"name":"wp","href":"https:\/\/api.w.org\/{rel}","templated":true}]}}