{"id":9216,"date":"2022-02-18T08:26:00","date_gmt":"2022-02-18T11:26:00","guid":{"rendered":"https:\/\/www.toque-musicall.com\/?p=9216"},"modified":"2022-02-28T09:44:17","modified_gmt":"2022-02-28T12:44:17","slug":"monturil-os-maribondos-de-fogo-1987","status":"publish","type":"post","link":"https:\/\/www.toque-musicall.com\/?p=9216","title":{"rendered":"Monturil &#8211; Os Maribondos De Fogo (1987)"},"content":{"rendered":"\n<figure class=\"wp-block-image size-large\"><img decoding=\"async\" src=\"https:\/\/blogger.googleusercontent.com\/img\/a\/AVvXsEhRG9Ylb6QQ5SkSeG4oeIGtZtwQDUQQ6HU25hV1ja3yl3PuxBGFidq8eI6Cdat09hC1II6rFCf-XuScZmEz0a362lu9oyYCooOBqQkCT8OPmEJHMryg58E6GCFHIb0HynkbTjRiSfxxjqy7byhXigs3eGRtc3eMCKlBNFWnN0yZa45e6NYyUo6NVp_2pw=w640-h638\" alt=\"\"\/><\/figure>\n\n\n\n<figure class=\"wp-block-image size-large\"><img decoding=\"async\" src=\"https:\/\/blogger.googleusercontent.com\/img\/a\/AVvXsEgUfVYb5t903AaIcXpehpHo6iQgpinMReplQ6U7FEcVM359yWseaeJD7zII7mVFoP_FW-JXlcILRK5wZByPby6Y_PkSJW0jkHgbM_7qzQXN1-t4dhFOr40Fk-_kFS5Y2YgKq3yXHfKCWOSEZUrfR-Sj_gnQoygwcS5Lu0YJKCiugSNLgHpV3TFllzLgLA=w640-h632\" alt=\"\"\/><\/figure>\n\n\n<div class=\"separator\">Boa hora, amigos cultos e ocultos! Dentro do nosso esp\u00edrito de curiosidades, estou trazendo hoje para voc\u00eas um disco que talvez poucos conhe\u00e7am. Eu tamb\u00e9m, s\u00f3 vim a conhecer h\u00e1 pouco mais de um ano, quando este lp chegou em minhas m\u00e3os e mais exatamente, no meu toca discos. Trata-se do maranhense, Antenor Monturil, um nome mais conhecido em rodas de choro e pagode no norte e centro oeste do pa\u00eds, nos anos 70 e 80. Monturil foi um violonista e compositor maranhense. Gravou apenas este disco, em 1987 pelo selo RCA Victor.\u00a0<\/div>\n<div class=\"separator\">Envolto em um misterioso desaparecimento h\u00e1 26 anos, em Goi\u00e2nia, seu corpo nunca foi encontrado. Era tamb\u00e9m advogado, amigo de pol\u00edticos e militares. Frequentava a Granja do Torto, onde tocava para militares, na \u00e9poca do general Figueiredo. Tamb\u00e9m era amigo de Jos\u00e9 Sarney, de quem musicou o poema &#8220;Marimbondos de Fogo&#8221; e deu nome a este disco. Por a\u00ed, a gente\u00a0 j\u00e1 tem uma ideia&#8230; Como dizia o velho ditado, &#8220;diga-me com quem andas e te direi quem \u00e9s&#8221;. Mas, Monturil, al\u00e9m de advogado, tinha seu lado art\u00edstico, uma sensibilidade musical que atraia tamb\u00e9m os artistas e isso se v\u00ea pelos envolvidos nessa sua primeira e \u00fanica produ\u00e7\u00e3o. Participam do disco diversos artistas, como se pode ver acentuado na capa, nomes nacionalmente conhecidos como o mestre Baden Powell, os cantores Francisco Carlos &#8220;El Broto&#8221; e Renato Castelo e as cantoras M\u00e1rcia e Mar\u00edlia Barbosa. A ilustra\u00e7\u00e3o da capa \u00e9 uma pintura do artista pl\u00e1stico goiano, Siron Franco e na contracapa Monturil \u00e9 muito bem apresentando em textos pelo Sarney, ent\u00e3o Presidente da Rep\u00fablica e tamb\u00e9m pelos acad\u00eamicos Herberto Sales e Joaquim Campelo Marques. Vale a pena conhecer&#8230;<\/div>\n<div class=\"separator\">\u00a0<\/div>\n<div class=\"separator\">os maribondos de fogo<\/div>\n<div class=\"separator\">mastigando jil\u00f3<\/div>\n<div class=\"separator\">pra que saudade<\/div>\n<div class=\"separator\">saudade cear\u00e1 saudade<\/div>\n<div class=\"separator\">meu feiti\u00e7o \u00e9 maior<\/div>\n<div class=\"separator\">sapatinho de princesa<\/div>\n<div class=\"separator\">chorinho de repente<\/div>\n<div class=\"separator\">voltei pra avenida<\/div>\n<div class=\"separator\">rancho da primavera<\/div>\n<div class=\"separator\">cantiga nordestina<\/div>\n<div class=\"separator\">\u00a0<\/div>\n<div class=\"separator\">\u00a0<\/div>\n<div class=\"separator\">.<\/div>\n<div class=\"separator\">\u00a0<\/div>","protected":false},"excerpt":{"rendered":"<p>Boa hora, amigos cultos e ocultos! Dentro do nosso esp\u00edrito de curiosidades, estou trazendo hoje para voc\u00eas um disco que talvez poucos conhe\u00e7am. Eu tamb\u00e9m, s\u00f3 vim a conhecer h\u00e1 pouco mais de um ano, quando este lp chegou em &hellip; <a href=\"https:\/\/www.toque-musicall.com\/?p=9216\">Continue lendo <span class=\"meta-nav\">&rarr;<\/span><\/a><\/p>\n","protected":false},"author":1,"featured_media":0,"comment_status":"closed","ping_status":"closed","sticky":false,"template":"","format":"standard","meta":{"footnotes":""},"categories":[5002,3699],"tags":[5003,3061],"class_list":["post-9216","post","type-post","status-publish","format-standard","hentry","category-monturil","category-selo-rca-camden-3","tag-monturil","tag-selo-rca-victor"],"_links":{"self":[{"href":"https:\/\/www.toque-musicall.com\/index.php?rest_route=\/wp\/v2\/posts\/9216","targetHints":{"allow":["GET"]}}],"collection":[{"href":"https:\/\/www.toque-musicall.com\/index.php?rest_route=\/wp\/v2\/posts"}],"about":[{"href":"https:\/\/www.toque-musicall.com\/index.php?rest_route=\/wp\/v2\/types\/post"}],"author":[{"embeddable":true,"href":"https:\/\/www.toque-musicall.com\/index.php?rest_route=\/wp\/v2\/users\/1"}],"replies":[{"embeddable":true,"href":"https:\/\/www.toque-musicall.com\/index.php?rest_route=%2Fwp%2Fv2%2Fcomments&post=9216"}],"version-history":[{"count":1,"href":"https:\/\/www.toque-musicall.com\/index.php?rest_route=\/wp\/v2\/posts\/9216\/revisions"}],"predecessor-version":[{"id":9217,"href":"https:\/\/www.toque-musicall.com\/index.php?rest_route=\/wp\/v2\/posts\/9216\/revisions\/9217"}],"wp:attachment":[{"href":"https:\/\/www.toque-musicall.com\/index.php?rest_route=%2Fwp%2Fv2%2Fmedia&parent=9216"}],"wp:term":[{"taxonomy":"category","embeddable":true,"href":"https:\/\/www.toque-musicall.com\/index.php?rest_route=%2Fwp%2Fv2%2Fcategories&post=9216"},{"taxonomy":"post_tag","embeddable":true,"href":"https:\/\/www.toque-musicall.com\/index.php?rest_route=%2Fwp%2Fv2%2Ftags&post=9216"}],"curies":[{"name":"wp","href":"https:\/\/api.w.org\/{rel}","templated":true}]}}