{"id":922,"date":"2010-02-26T10:20:00","date_gmt":"2010-02-26T13:20:00","guid":{"rendered":"http:\/\/www.toque-musicall.com\/?p=922"},"modified":"2020-12-08T08:53:54","modified_gmt":"2020-12-08T11:53:54","slug":"paulinho-nogueira-tons-e-semitons-1986","status":"publish","type":"post","link":"https:\/\/www.toque-musicall.com\/?p=922","title":{"rendered":"Paulinho Nogueira &#8211; Tons E Semitons (1986)"},"content":{"rendered":"<p><a href=\"http:\/\/4.bp.blogspot.com\/_DSKVEvHtskc\/S4ehrRA9U_I\/AAAAAAAAGPs\/4ChaW_SZecM\/s1600-h\/paulinho+nogueira+P.JPG\"><img decoding=\"async\" alt=\"\" border=\"0\" id=\"BLOGGER_PHOTO_ID_5442496439374402546\" src=\"http:\/\/4.bp.blogspot.com\/_DSKVEvHtskc\/S4ehrRA9U_I\/AAAAAAAAGPs\/4ChaW_SZecM\/s400\/paulinho+nogueira+P.JPG\" style=\"cursor: hand; display: block; height: 400px; margin: 0px auto 10px; text-align: center; width: 398px;\" \/><\/a>Ol\u00e1 amigos cultos e ocultos! Seguindo em nossa trilha fonogr\u00e1fica musical, vamos hoje retomando aos independentes. Atendendo a um pedido mais que especial e j\u00e1 com um certo atraso. O independente da semana \u00e9 o grande compositor e violonista Paulinho Nogueira, um nome que dispensa maiores coment\u00e1rios e que aqui no Toque Musical j\u00e1 marcou presen\u00e7a outras vezes, pode conferir&#8230;<br \/>&#8220;Tons e Semitons&#8221; foi seu 25\u00ba lp, lan\u00e7ado de forma independente, associado ao produtor Fred Rossi, em 1986. Segundo Paulinho, o disco foi uma realiza\u00e7\u00e3o bem espont\u00e2nea, simples, descontra\u00edda e com m\u00fasicas, at\u00e9 ent\u00e3o in\u00e9ditas. Apenas a faixa &#8220;Ch\u00f4ro chorado&#8221; foi feita em parceria com Toquinho e Vinicius. Para n\u00e3o variar, este \u00e9 mais um belo trabalho que paralelamente teve editado, em forma de livro, as partituras das dez m\u00fasicas. Infelizmente essas eu n\u00e3o tenho para mostrar. Ao que tudo indica, a edi\u00e7\u00e3o do livrinho ficou logo esgotada e n\u00e3o sei se chegaram a relan\u00e7a-la novamente. Mas \u00e9 poss\u00edvel encontrar em sebos especializados.<br \/>Confiram j\u00e1 este toque, em tons e semitons \ud83d\ude09<\/p>\n<div align=\"center\">tons e semitons<\/div>\n<div align=\"center\">bachianinha n\u00ba 1<\/div>\n<div align=\"center\">valsa em sol do meio dia<\/div>\n<div align=\"center\">ch\u00f4ro chorado<\/div>\n<div align=\"center\">reflex\u00f5es em dois por quatro<\/div>\n<div align=\"center\">frevinho doce<\/div>\n<div align=\"center\">ch\u00f4ro para bord\u00f5es<\/div>\n<div align=\"center\">bachianinha n\u00ba 2<\/div>\n<div align=\"center\">simplesmente<\/div>\n<div align=\"center\">bolerando em ter\u00e7as<\/div>\n<div align=\"center\"><\/div>\n<div align=\"center\"><\/div>\n","protected":false},"excerpt":{"rendered":"<p>Ol\u00e1 amigos cultos e ocultos! Seguindo em nossa trilha fonogr\u00e1fica musical, vamos hoje retomando aos independentes. Atendendo a um pedido mais que especial e j\u00e1 com um certo atraso. O independente da semana \u00e9 o grande compositor e violonista Paulinho &hellip; <a href=\"https:\/\/www.toque-musicall.com\/?p=922\">Continue lendo <span class=\"meta-nav\">&rarr;<\/span><\/a><\/p>\n","protected":false},"author":1,"featured_media":0,"comment_status":"open","ping_status":"closed","sticky":false,"template":"","format":"standard","meta":{"footnotes":""},"categories":[410,25],"tags":[3160,3017],"class_list":["post-922","post","type-post","status-publish","format-standard","hentry","category-paulinho-nogueira","category-selo-independente","tag-paulinho-nogueira","tag-selo-independente"],"_links":{"self":[{"href":"https:\/\/www.toque-musicall.com\/index.php?rest_route=\/wp\/v2\/posts\/922","targetHints":{"allow":["GET"]}}],"collection":[{"href":"https:\/\/www.toque-musicall.com\/index.php?rest_route=\/wp\/v2\/posts"}],"about":[{"href":"https:\/\/www.toque-musicall.com\/index.php?rest_route=\/wp\/v2\/types\/post"}],"author":[{"embeddable":true,"href":"https:\/\/www.toque-musicall.com\/index.php?rest_route=\/wp\/v2\/users\/1"}],"replies":[{"embeddable":true,"href":"https:\/\/www.toque-musicall.com\/index.php?rest_route=%2Fwp%2Fv2%2Fcomments&post=922"}],"version-history":[{"count":1,"href":"https:\/\/www.toque-musicall.com\/index.php?rest_route=\/wp\/v2\/posts\/922\/revisions"}],"predecessor-version":[{"id":8027,"href":"https:\/\/www.toque-musicall.com\/index.php?rest_route=\/wp\/v2\/posts\/922\/revisions\/8027"}],"wp:attachment":[{"href":"https:\/\/www.toque-musicall.com\/index.php?rest_route=%2Fwp%2Fv2%2Fmedia&parent=922"}],"wp:term":[{"taxonomy":"category","embeddable":true,"href":"https:\/\/www.toque-musicall.com\/index.php?rest_route=%2Fwp%2Fv2%2Fcategories&post=922"},{"taxonomy":"post_tag","embeddable":true,"href":"https:\/\/www.toque-musicall.com\/index.php?rest_route=%2Fwp%2Fv2%2Ftags&post=922"}],"curies":[{"name":"wp","href":"https:\/\/api.w.org\/{rel}","templated":true}]}}