{"id":9221,"date":"2022-02-19T09:30:00","date_gmt":"2022-02-19T12:30:00","guid":{"rendered":"https:\/\/www.toque-musicall.com\/?p=9221"},"modified":"2022-02-28T09:45:11","modified_gmt":"2022-02-28T12:45:11","slug":"quinteto-violado-enquanto-a-chaleira-nao-chia-1985","status":"publish","type":"post","link":"https:\/\/www.toque-musicall.com\/?p=9221","title":{"rendered":"Quinteto Violado &#8211; Enquanto A Chaleira N\u00e3o Chia (1985)"},"content":{"rendered":"\n<figure class=\"wp-block-image size-large\"><img decoding=\"async\" src=\"https:\/\/blogger.googleusercontent.com\/img\/a\/AVvXsEg0Rmy3Wb9qfuSu1_CpJ1d3wlJov4MIZlb3MBe4HIysO1Wu9G-MeAlR66x-Sr0ag5VKW9okc0ZUi3KJm2LEX9XHFdbGto1UpzfqYDaRTWClS4nCSdaC8jV1Tg-jT2N6W33bPOIZLU4C4DLWvMI6o9HoKYjM8EcZ0wkgWV0hYlwI1hA3U2nJ6mZu1twsbg=w622-h640\" alt=\"\"\/><\/figure>\n\n\n\n<figure class=\"wp-block-image size-large\"><img decoding=\"async\" src=\"https:\/\/blogger.googleusercontent.com\/img\/a\/AVvXsEgEtzaf7Gk3cI_Kl3nXP1sXkfqP4bPYUlLr7dU7BLBrqxHERf5KWk0soNIRl7OQJRRX6h5FPMsv8NI2r7oIiyqGGfP5-tgE6yEsGjVyj0ssSX60bcVa3cKqi4nGs0RgdR8UoUEmjk1J7accKavE4mQ_8KKj4NKvgPgka9XX9ZTMbQfr7UY0cwyy5G7xOg=w634-h640\" alt=\"\"\/><\/figure>\n\n\n<div class=\"separator\">Ol\u00e1, car\u00edssimos amigos cultos e ocultos! Hoje trago para voc\u00eas mais um disco do Quinteto Violado. Formado no in\u00edcio dos anos 70 por Fernando Filizola (viola), Marcelo Melo (viol\u00e3o), Toinho Alves (contrabaixo), Luciano Pimentel (bateria) e Generino Luna (flauta), o Quinteto Violado \u00e9 hoje uma tradi\u00e7\u00e3o e um dos mais antigos ainda em atividade. Ao logo de sua exist\u00eancia, os &#8220;Violados&#8221;, como s\u00e3o carinhosamente conhecidos, levaram a m\u00fasica nordestina por todos os cantos do pa\u00eds e tamb\u00e9m para fora. Foram um dos primeiros grupos a terem seu pr\u00f3prio ve\u00edculo, um \u00f4nibus, no qual percorria levando seus shows. Em sua trajet\u00f3ria de mais de 50 anos o Quinteto Violado gravou dezenas de discos e tamb\u00e9m por ele passaram v\u00e1rios m\u00fasicos. Se tornaram conhecidos internacionalmente sendo tamb\u00e9m um dos grupos brasileiros mais premiados. Foram influ\u00eancia para diversos conjuntos, como a Banda de Pau e Cordas, Bolo de Feira e outros, pelo norte e\u00a0 nordeste.\u00a0<\/div>\n<div class=\"separator\">Aqui temos dele este lp, lan\u00e7ado em 1985, cujo t\u00edtulo, &#8220;Enquanto a chaleira n\u00e3o chia&#8221;, s\u00f3 aparece no selo. Foi o \u00fanico disco que o QV gravou pela RCA. Um trabalho, como sempre, encantador, festivo e alegre, que como tantos outros, n\u00e3o tem como n\u00e3o gostar \ud83d\ude42<\/div>\n<div class=\"separator\">\u00a0<\/div>\n<div class=\"separator\">enquanto a chaleira n\u00e3o chia<\/div>\n<div class=\"separator\">noites brasileiras<\/div>\n<div class=\"separator\">fogueira de s\u00e3o jo\u00e3o<\/div>\n<div class=\"separator\">lorota boa<\/div>\n<div class=\"separator\">bom demais<\/div>\n<div class=\"separator\">erva doce<\/div>\n<div class=\"separator\">\u00faltimo pau de arara<\/div>\n<div class=\"separator\">pipoca real<\/div>\n<div class=\"separator\">o forr\u00f3 t\u00e1 cheio<\/div>\n<div class=\"separator\">de viola e rabeca<\/div>\n<div class=\"separator\">a f\u00e9 do lavrador<\/div>\n<div class=\"separator\">amar<\/div>\n<div class=\"separator\">azul macei\u00f3<\/div>\n<div class=\"separator\">aracaju<\/div>\n<div class=\"separator\">\u00a0<\/div>\n<div class=\"separator\">\u00a0<\/div>\n<div class=\"separator\">\u00a0<\/div>","protected":false},"excerpt":{"rendered":"<p>Ol\u00e1, car\u00edssimos amigos cultos e ocultos! Hoje trago para voc\u00eas mais um disco do Quinteto Violado. Formado no in\u00edcio dos anos 70 por Fernando Filizola (viola), Marcelo Melo (viol\u00e3o), Toinho Alves (contrabaixo), Luciano Pimentel (bateria) e Generino Luna (flauta), o &hellip; <a href=\"https:\/\/www.toque-musicall.com\/?p=9221\">Continue lendo <span class=\"meta-nav\">&rarr;<\/span><\/a><\/p>\n","protected":false},"author":1,"featured_media":0,"comment_status":"closed","ping_status":"closed","sticky":false,"template":"","format":"standard","meta":{"footnotes":""},"categories":[1388,277,1],"tags":[5004,3204],"class_list":["post-9221","post","type-post","status-publish","format-standard","hentry","category-quinteto-violado","category-selo-rca-camden","category-sem-categoria","tag-quinteto-violado","tag-selo-rca-camden"],"_links":{"self":[{"href":"https:\/\/www.toque-musicall.com\/index.php?rest_route=\/wp\/v2\/posts\/9221","targetHints":{"allow":["GET"]}}],"collection":[{"href":"https:\/\/www.toque-musicall.com\/index.php?rest_route=\/wp\/v2\/posts"}],"about":[{"href":"https:\/\/www.toque-musicall.com\/index.php?rest_route=\/wp\/v2\/types\/post"}],"author":[{"embeddable":true,"href":"https:\/\/www.toque-musicall.com\/index.php?rest_route=\/wp\/v2\/users\/1"}],"replies":[{"embeddable":true,"href":"https:\/\/www.toque-musicall.com\/index.php?rest_route=%2Fwp%2Fv2%2Fcomments&post=9221"}],"version-history":[{"count":1,"href":"https:\/\/www.toque-musicall.com\/index.php?rest_route=\/wp\/v2\/posts\/9221\/revisions"}],"predecessor-version":[{"id":9222,"href":"https:\/\/www.toque-musicall.com\/index.php?rest_route=\/wp\/v2\/posts\/9221\/revisions\/9222"}],"wp:attachment":[{"href":"https:\/\/www.toque-musicall.com\/index.php?rest_route=%2Fwp%2Fv2%2Fmedia&parent=9221"}],"wp:term":[{"taxonomy":"category","embeddable":true,"href":"https:\/\/www.toque-musicall.com\/index.php?rest_route=%2Fwp%2Fv2%2Fcategories&post=9221"},{"taxonomy":"post_tag","embeddable":true,"href":"https:\/\/www.toque-musicall.com\/index.php?rest_route=%2Fwp%2Fv2%2Ftags&post=9221"}],"curies":[{"name":"wp","href":"https:\/\/api.w.org\/{rel}","templated":true}]}}