{"id":9228,"date":"2022-02-21T09:36:00","date_gmt":"2022-02-21T12:36:00","guid":{"rendered":"https:\/\/www.toque-musicall.com\/?p=9228"},"modified":"2022-02-28T09:46:29","modified_gmt":"2022-02-28T12:46:29","slug":"jose-fernandes-e-sua-orquestra-tipica-tangos-nota-10-1976","status":"publish","type":"post","link":"https:\/\/www.toque-musicall.com\/?p=9228","title":{"rendered":"Jos\u00e9 Fernandes e Sua Orquestra T\u00edpica &#8211; Tangos Nota 10 (1976)"},"content":{"rendered":"\n<figure class=\"wp-block-image size-large\"><img decoding=\"async\" src=\"https:\/\/blogger.googleusercontent.com\/img\/a\/AVvXsEi8MFVZ2OSG8qN8oCvP-5BlvD4ilkV9uBtgEkvQDuPKDrZYB1tsYyiFq_9nHygetvlREt8ic5CuurF0lty1P-6obVQf80ZMySKYZqK7KYxzprxzoEqEZzMdom2ErJqjuO2zLJObMH8GfjD4C8ZhLgsbLU7Y-ACmH2yvs4l1rcniLAv2E8phZSc85jpYkg=w640-h634\" alt=\"\"\/><\/figure>\n\n\n\n<figure class=\"wp-block-image size-large\"><img decoding=\"async\" src=\"https:\/\/blogger.googleusercontent.com\/img\/a\/AVvXsEi6qkDFUwA5YfrVOPWGlKYjGUwcr49cU4lrC4yOReB7ZoO1igfa0doVtktb-sXEiG3MjOqn0cDfHXnPvD41KTLn6pUUak-cF0VMhH2jYuPMJKa4LLG0-7U-w6oWIQ5DfrooJwIU67sJCZU_SuFxAyRmoPSopvKPBKaTRE1Qy_UGIxCBdCIB8yKokd1HOA=w640-h640\" alt=\"\"\/><\/figure>\n\n\n<div class=\"separator\">Boa hora, amigos cultos e ocultos! Carnaval t\u00e1 a\u00ed, mas vamos de tango? Eu vou, mas estou exatamente como a cara e a anima\u00e7\u00e3o do bandoneonista da contra capa deste disco (hehehe&#8230;). Ali\u00e1s, anima\u00e7\u00e3o aqui est\u00e1 por chegar. Ou por outra, estou me guardando pra quando o Carnaval chegar, sem pandemia, \u00e9 claro! Assim sendo, vamos de tango&#8230;<\/div>\n<div class=\"separator\">E olha s\u00f3 o que eu achei na gaveta, Jos\u00e9 Fernandes e sua Orquestra T\u00edpica nos brindando com 12 tangos argentinos dos mais conhecidos e tradicionais. Quem aqui n\u00e3o se lembra do Jos\u00e9 Fernandes, m\u00fasico e maestro que ficou mais conhecido como o jurado mal-humorado dos programas do Silvio Santos, nos anos 70. O cara era o terror dos candidatos, n\u00e3o tinha um que ele aprovava. Sempre muito rigoroso, levava a brincadeira a s\u00e9rio e dava zero para a maioria. Era o contraponto, comum em programas de calouros. Jos\u00e9 Fernandes era mineiro, m\u00fasico, maestro, radialista e tamb\u00e9m cr\u00edtico musical desde os anos 50 quando foi morar no Rio de Janeiro. Gravou alguns discos, sem muitos destaques, sempre explorando g\u00eaneros ultrapassados. Gostava muito de tango e aqui temos ele, sisudo com o sempre, neste lp lan\u00e7ado pela RCA, com sua &#8216;orquestra t\u00edpica&#8217; revivendo, na contram\u00e3o, um g\u00eanero, para a \u00e9poca, embolorado, mas que condiz perfeitamente com sua figura, fechada, conservadora e de direita. O cara era tamb\u00e9m um reacion\u00e1rio, ressentido e de poucos amigos e demonstrou isso sua vida toda. Vai saber l\u00e1 oque se passava na cabe\u00e7a do Z\u00e9 Fernandes? Acho que nem o Silvio Santos. Melhor, apenas ouvir&#8230;<\/div>\n<div class=\"separator\">\u00a0<\/div>\n<div class=\"separator\">ojos negros<\/div>\n<div class=\"separator\">caminito<\/div>\n<div class=\"separator\">dercho viejo<\/div>\n<div class=\"separator\">re fa si<\/div>\n<div class=\"separator\">a media luz<\/div>\n<div class=\"separator\">quejsa de bandoneon<\/div>\n<div class=\"separator\">tango pra teresa<\/div>\n<div class=\"separator\">el choclo<\/div>\n<div class=\"separator\">volver<\/div>\n<div class=\"separator\">la maleva<\/div>\n<div class=\"separator\">yira&#8230; yira&#8230;<\/div>\n<div class=\"separator\">\u00a0<\/div>\n<div class=\"separator\">\u00a0<\/div>","protected":false},"excerpt":{"rendered":"<p>Boa hora, amigos cultos e ocultos! Carnaval t\u00e1 a\u00ed, mas vamos de tango? Eu vou, mas estou exatamente como a cara e a anima\u00e7\u00e3o do bandoneonista da contra capa deste disco (hehehe&#8230;). Ali\u00e1s, anima\u00e7\u00e3o aqui est\u00e1 por chegar. Ou por &hellip; <a href=\"https:\/\/www.toque-musicall.com\/?p=9228\">Continue lendo <span class=\"meta-nav\">&rarr;<\/span><\/a><\/p>\n","protected":false},"author":1,"featured_media":0,"comment_status":"closed","ping_status":"closed","sticky":false,"template":"","format":"standard","meta":{"footnotes":""},"categories":[5007,277],"tags":[5006,3204],"class_list":["post-9228","post","type-post","status-publish","format-standard","hentry","category-jose-fernandes","category-selo-rca-camden","tag-jose-fernandes","tag-selo-rca-camden"],"_links":{"self":[{"href":"https:\/\/www.toque-musicall.com\/index.php?rest_route=\/wp\/v2\/posts\/9228","targetHints":{"allow":["GET"]}}],"collection":[{"href":"https:\/\/www.toque-musicall.com\/index.php?rest_route=\/wp\/v2\/posts"}],"about":[{"href":"https:\/\/www.toque-musicall.com\/index.php?rest_route=\/wp\/v2\/types\/post"}],"author":[{"embeddable":true,"href":"https:\/\/www.toque-musicall.com\/index.php?rest_route=\/wp\/v2\/users\/1"}],"replies":[{"embeddable":true,"href":"https:\/\/www.toque-musicall.com\/index.php?rest_route=%2Fwp%2Fv2%2Fcomments&post=9228"}],"version-history":[{"count":1,"href":"https:\/\/www.toque-musicall.com\/index.php?rest_route=\/wp\/v2\/posts\/9228\/revisions"}],"predecessor-version":[{"id":9229,"href":"https:\/\/www.toque-musicall.com\/index.php?rest_route=\/wp\/v2\/posts\/9228\/revisions\/9229"}],"wp:attachment":[{"href":"https:\/\/www.toque-musicall.com\/index.php?rest_route=%2Fwp%2Fv2%2Fmedia&parent=9228"}],"wp:term":[{"taxonomy":"category","embeddable":true,"href":"https:\/\/www.toque-musicall.com\/index.php?rest_route=%2Fwp%2Fv2%2Fcategories&post=9228"},{"taxonomy":"post_tag","embeddable":true,"href":"https:\/\/www.toque-musicall.com\/index.php?rest_route=%2Fwp%2Fv2%2Ftags&post=9228"}],"curies":[{"name":"wp","href":"https:\/\/api.w.org\/{rel}","templated":true}]}}