{"id":923,"date":"2010-02-25T09:52:00","date_gmt":"2010-02-25T09:52:00","guid":{"rendered":"http:\/\/www.toque-musicall.com\/?p=923"},"modified":"2010-02-25T09:52:00","modified_gmt":"2010-02-25T09:52:00","slug":"nora-ney-canta-nora-ney-1955","status":"publish","type":"post","link":"https:\/\/www.toque-musicall.com\/?p=923","title":{"rendered":"Nora Ney &#8211; Canta Nora Ney (1955)"},"content":{"rendered":"<p><a href=\"http:\/\/3.bp.blogspot.com\/_DSKVEvHtskc\/S4ZQZy1DfqI\/AAAAAAAAGPg\/c5BA6mBlkqc\/s1600-h\/nora+ney+P.JPG\"><img decoding=\"async\" style=\"TEXT-ALIGN: center; MARGIN: 0px auto 10px; WIDTH: 397px; DISPLAY: block; HEIGHT: 400px; CURSOR: hand\" id=\"BLOGGER_PHOTO_ID_5442125603795074722\" border=\"0\" alt=\"\" src=\"http:\/\/3.bp.blogspot.com\/_DSKVEvHtskc\/S4ZQZy1DfqI\/AAAAAAAAGPg\/c5BA6mBlkqc\/s400\/nora+ney+P.JPG\" \/><\/a> Ol\u00e1 amigos cultos e ocultos! Hoje eu estou aqui refor\u00e7ando, ou pelo menos oferecendo uma outra alternativa para este disco super bacana da Nora Ney. H\u00e1 poucos dias atr\u00e1s o blog <a href=\"http:\/\/parallelrealitiesstudio.blogspot.com\/2010\/02\/nora-ney-canta-nora-ney-1955.html\">Parallel Realities Studio<\/a>, do nosso amigo Milan, o postou para a alegria de muitos, inclusive do blog <a href=\"http:\/\/300discos.wordpress.com\/2009\/07\/21\/ts14-nora-ney-canta-1955\/\">300 Discos Importantes da MPB<\/a>, que j\u00e1 a algum tempo o cotava como um dos raros e dif\u00edceis de encontrar. Se n\u00e3o fosse pela minha desaten\u00e7\u00e3o em perceber essa car\u00eancia j\u00e1 o teria tirado dessa situa\u00e7\u00e3o a mais tempo. Este disco, coincidentemente, eu j\u00e1 estava para apresent\u00e1-lo ainda nesse m\u00eas, juntamente com outros que eu havia escolhido para uma semana tem\u00e1tica dedicada \u00e0s belas capas. Isso eu ainda farei, mas confesso que n\u00e3o resisti a tenta\u00e7\u00e3o de imediatamente tamb\u00e9m participar dessa mostra. Na pior das hip\u00f3teses, estou assegurando o lugar de &#8216;filial brasileira da postagem&#8217;, uma alternativa a mais para quem esperou ou est\u00e1 descobrindo o disco agora. Para n\u00e3o ficar parecendo que foi pura &#8216;cata\u00e7\u00e3o&#8217;, informo que o meu arquivo n\u00e3o tem nada a ver com outro j\u00e1 postado. O meu foi enviado diretamente do c\u00e9u pelo Antonio Maria \ud83d\ude09 Independente de qualquer coisa, o que vale \u00e9 estarmos levando a voc\u00eas um pequeno (dez polegadas) grande disco. Um \u00e1lbum b\u00e1sico \u00e0 qualquer discoteca nos pelo menos 3 mil discos importantes da MPB. (um dia ainda farei essa minha sele\u00e7\u00e3o!)<br \/>Temos assim a cantora Nora Ney neste \u00e1lbum lan\u00e7ado em 1955, seu primeiro lp. Sem d\u00favida um belo disco, a come\u00e7ar pela capa, uma j\u00f3ia de arte. Dentro temos oito sambas para alimentar qualquer dor de cotovelo. Quatro dessas m\u00fasicas s\u00e3o de Antonio Maria, sendo uma delas em parceria com Vinicius de Moraes. Outro destaque \u00e9 o samba can\u00e7\u00e3o &#8220;O que vai ser de mim&#8221; de Antonio Carlos Jobim. Nora foi a primeira artista a gravar uma m\u00fasica de Tom.<br \/>Ta\u00ed, pela terceira vez, a presen\u00e7a de Nora Ney no nosso Toque Musical. J\u00e1 viu e ouviu as outras postagens? Confira tamb\u00e9m <a href=\"http:\/\/toque-musicall.blogspot.com\/search\/label\/Nora%20Ney\">aqui<\/a>.<\/p>\n<div align=\"center\">onde anda voc\u00ea<\/div>\n<div align=\"center\">n\u00e3o sou mais crian\u00e7a<\/div>\n<div align=\"center\">menino grande<\/div>\n<div align=\"center\">o que foi que eu fiz<\/div>\n<div align=\"center\">quando a noite me entende<\/div>\n<div align=\"center\">se eu morresse amanh\u00e3<\/div>\n<div align=\"center\">o que vai ser de mim<\/div>\n<div align=\"center\">quanto tempo faz<\/div>\n<div align=\"center\"><\/div>\n<div align=\"center\"> <\/div>\n<div align=\"center\"> <\/div>\n","protected":false},"excerpt":{"rendered":"<p>Ol\u00e1 amigos cultos e ocultos! Hoje eu estou aqui refor\u00e7ando, ou pelo menos oferecendo uma outra alternativa para este disco super bacana da Nora Ney. H\u00e1 poucos dias atr\u00e1s o blog Parallel Realities Studio, do nosso amigo Milan, o postou &hellip; <a href=\"https:\/\/www.toque-musicall.com\/?p=923\">Continue lendo <span class=\"meta-nav\">&rarr;<\/span><\/a><\/p>\n","protected":false},"author":1,"featured_media":0,"comment_status":"open","ping_status":"closed","sticky":false,"template":"","format":"standard","meta":{"footnotes":""},"categories":[160],"tags":[],"class_list":["post-923","post","type-post","status-publish","format-standard","hentry","category-nora-ney"],"_links":{"self":[{"href":"https:\/\/www.toque-musicall.com\/index.php?rest_route=\/wp\/v2\/posts\/923","targetHints":{"allow":["GET"]}}],"collection":[{"href":"https:\/\/www.toque-musicall.com\/index.php?rest_route=\/wp\/v2\/posts"}],"about":[{"href":"https:\/\/www.toque-musicall.com\/index.php?rest_route=\/wp\/v2\/types\/post"}],"author":[{"embeddable":true,"href":"https:\/\/www.toque-musicall.com\/index.php?rest_route=\/wp\/v2\/users\/1"}],"replies":[{"embeddable":true,"href":"https:\/\/www.toque-musicall.com\/index.php?rest_route=%2Fwp%2Fv2%2Fcomments&post=923"}],"version-history":[{"count":0,"href":"https:\/\/www.toque-musicall.com\/index.php?rest_route=\/wp\/v2\/posts\/923\/revisions"}],"wp:attachment":[{"href":"https:\/\/www.toque-musicall.com\/index.php?rest_route=%2Fwp%2Fv2%2Fmedia&parent=923"}],"wp:term":[{"taxonomy":"category","embeddable":true,"href":"https:\/\/www.toque-musicall.com\/index.php?rest_route=%2Fwp%2Fv2%2Fcategories&post=923"},{"taxonomy":"post_tag","embeddable":true,"href":"https:\/\/www.toque-musicall.com\/index.php?rest_route=%2Fwp%2Fv2%2Ftags&post=923"}],"curies":[{"name":"wp","href":"https:\/\/api.w.org\/{rel}","templated":true}]}}