{"id":9233,"date":"2022-02-23T09:41:00","date_gmt":"2022-02-23T12:41:00","guid":{"rendered":"https:\/\/www.toque-musicall.com\/?p=9233"},"modified":"2022-02-28T09:48:53","modified_gmt":"2022-02-28T12:48:53","slug":"orquestra-sinfonica-romanticos-de-cuba-marcha-nupcial-1969%ef%bf%bc","status":"publish","type":"post","link":"https:\/\/www.toque-musicall.com\/?p=9233","title":{"rendered":"Orquestra Sinf\u00f4nica Rom\u00e2nticos De Cuba &#8211; Marcha Nupcial\u00a0(1969)"},"content":{"rendered":"\n<figure class=\"wp-block-image size-large\"><img decoding=\"async\" src=\"https:\/\/blogger.googleusercontent.com\/img\/a\/AVvXsEjVI1nhxt7irDW5mMbjiSYZ-Exey6NJV1I23q6eLWfsWoPSn8pyqKYhYEhIgTpWaURr121Vjh-XnauRJOCeQl8DEd6UjY445dZZ8D_wn5ndB-D4G3siYSxH_Mut2458zDCyX6ULfeAkQgbxYGT3BPapw-r-LSX_TxB-QXjXb9CEYy2a09lj1WGFfR2Nww=w640-h636\" alt=\"\"\/><\/figure>\n\n\n\n<figure class=\"wp-block-image size-large\"><img decoding=\"async\" src=\"https:\/\/blogger.googleusercontent.com\/img\/a\/AVvXsEiA4x9LnsGMulMMiL6wrUkjyEYobpvGV_T7gGC6rTL_enfuOBmpHcEI1ERoplnqwG2UgzaYYenvwbmXPsgId8XLRDPyNpzeFloofSo71tOMpflonzL0GW_f374wPIRSi9Bi-F-faP3ck5xHDUV5MvgZI-ZgHwtVBOEGwob1oEt0BMZgrG4sA7M3bRFSQg=w640-h632\" alt=\"\"\/><\/figure>\n\n\n<div class=\"separator\">Boa hora a todos, amigos cultos e ocultos! Aqui temos hoje um dos muitos discos lan\u00e7ados pela Orquestra Rom\u00e2nticos de Cuba, que por duas d\u00e9cadas se destacou como uma das mais conhecidas e apreciadas na ind\u00fastria fonogr\u00e1fica. Como j\u00e1 foi falado aqui, em outras postagens de discos desta orquestra, ela foi idealizada por Nilo S\u00e9rgio, m\u00fasico e empres\u00e1rio que criou aqui no Brasil a gravadora e selo Musidisc. De acordo com a hist\u00f3ria, os Rom\u00e2nticos de Cuba era uma orquestra voltada para os ritmos latinos, muito comuns ainda no final dos anos 50. Era uma orquestra de est\u00fadio, criada para dar nome aos discos produzidos por essa gravadora. E segundo contam, inicialmente, era a Orquestra Tabajara, do maestro Severino Silva. Entre as dezenas de discos lan\u00e7ados pelos Rom\u00e2nticos de Cuba passaram tamb\u00e9m outros m\u00fasicos e regentes, sempre explorando os ritmos caribenhos, a m\u00fasica rom\u00e2ntica orquestral e temas famosos do cinema. De todos os discos, este que apresentamos se difere dos demais. Lan\u00e7ado no final dos anos 60, a orquestra aqui toma um novo formato, cresce e ganha um &#8216;status&#8217; de sinf\u00f4nica ao apresentar um trabalho voltado para a m\u00fasica erudita, ou mais exatamente, a m\u00fasica cl\u00e1ssica, no qual s\u00e3o apresentadas diferentes pe\u00e7as e das mais conhecidas do p\u00fablico, tendo como o carro-chefe a &#8220;Marcha Nupcial&#8221;, de Mendelssohn. Um disco interessante tamb\u00e9m no ponto de vista comercial, pois apresenta temas cl\u00e1ssicos que foram muito utilizados, principalmente em festas de casamentos. A Orquestra Rom\u00e2nticos de Cuba chegou a lan\u00e7ar mais alguma coisa nessa linha de cl\u00e1ssicos populares, mas somente este disco recebeu reedi\u00e7\u00f5es, como esta que apresento, dos anos 70, distribu\u00edda pela Tapecar e nos anos 80 seria novamente relan\u00e7ado pela Som Livre. Confiam no GTM&#8230;<\/div>\n<div class=\"separator\">&nbsp;<\/div>\n<div class=\"separator\">marcha nupcial &#8211; mendelssohn<\/div>\n<div class=\"separator\">\u00e1ria &#8211; bach<\/div>\n<div class=\"separator\">largo &#8211; handel<\/div>\n<div class=\"separator\">o voo do besouro &#8211; kimsky-korsakoff<\/div>\n<div class=\"separator\">marcha turca &#8211; mozart<\/div>\n<div class=\"separator\">momento musical &#8211; schubert<\/div>\n<div class=\"separator\">dan\u00e7a espanhola &#8211; falla<\/div>\n<div class=\"separator\">humoresque &#8211; dvorak<\/div>\n<div class=\"separator\">minueto &#8211; boeeherine<\/div>\n<div class=\"separator\">prel\u00fadio em d\u00f3 sustenido menor &#8211; rachmaninoff<\/div>\n<div class=\"separator\">sonho de amor &#8211; liszt<\/div>\n<div class=\"separator\">clair de lune &#8211; debussy<\/div>\n<div class=\"separator\">&nbsp;<\/div>\n<div class=\"separator\">&nbsp;<\/div>\n<div class=\"separator\">.<\/div>\n<div class=\"separator\">&nbsp;<\/div>","protected":false},"excerpt":{"rendered":"<p>Boa hora a todos, amigos cultos e ocultos! Aqui temos hoje um dos muitos discos lan\u00e7ados pela Orquestra Rom\u00e2nticos de Cuba, que por duas d\u00e9cadas se destacou como uma das mais conhecidas e apreciadas na ind\u00fastria fonogr\u00e1fica. Como j\u00e1 foi &hellip; <a href=\"https:\/\/www.toque-musicall.com\/?p=9233\">Continue lendo <span class=\"meta-nav\">&rarr;<\/span><\/a><\/p>\n","protected":false},"author":1,"featured_media":0,"comment_status":"closed","ping_status":"closed","sticky":false,"template":"","format":"standard","meta":{"footnotes":""},"categories":[691,35],"tags":[5009,3514],"class_list":["post-9233","post","type-post","status-publish","format-standard","hentry","category-orquestra-romanticos-de-cuba","category-selo-musidisc","tag-orquestra-romanticos-de-cuba","tag-selo-musidisc"],"_links":{"self":[{"href":"https:\/\/www.toque-musicall.com\/index.php?rest_route=\/wp\/v2\/posts\/9233","targetHints":{"allow":["GET"]}}],"collection":[{"href":"https:\/\/www.toque-musicall.com\/index.php?rest_route=\/wp\/v2\/posts"}],"about":[{"href":"https:\/\/www.toque-musicall.com\/index.php?rest_route=\/wp\/v2\/types\/post"}],"author":[{"embeddable":true,"href":"https:\/\/www.toque-musicall.com\/index.php?rest_route=\/wp\/v2\/users\/1"}],"replies":[{"embeddable":true,"href":"https:\/\/www.toque-musicall.com\/index.php?rest_route=%2Fwp%2Fv2%2Fcomments&post=9233"}],"version-history":[{"count":2,"href":"https:\/\/www.toque-musicall.com\/index.php?rest_route=\/wp\/v2\/posts\/9233\/revisions"}],"predecessor-version":[{"id":9236,"href":"https:\/\/www.toque-musicall.com\/index.php?rest_route=\/wp\/v2\/posts\/9233\/revisions\/9236"}],"wp:attachment":[{"href":"https:\/\/www.toque-musicall.com\/index.php?rest_route=%2Fwp%2Fv2%2Fmedia&parent=9233"}],"wp:term":[{"taxonomy":"category","embeddable":true,"href":"https:\/\/www.toque-musicall.com\/index.php?rest_route=%2Fwp%2Fv2%2Fcategories&post=9233"},{"taxonomy":"post_tag","embeddable":true,"href":"https:\/\/www.toque-musicall.com\/index.php?rest_route=%2Fwp%2Fv2%2Ftags&post=9233"}],"curies":[{"name":"wp","href":"https:\/\/api.w.org\/{rel}","templated":true}]}}