{"id":924,"date":"2010-02-24T12:11:00","date_gmt":"2010-02-24T12:11:00","guid":{"rendered":"http:\/\/www.toque-musicall.com\/?p=924"},"modified":"2010-02-24T12:11:00","modified_gmt":"2010-02-24T12:11:00","slug":"altamiro-carrilho-e-sua-bandinha-na-tv-1957","status":"publish","type":"post","link":"https:\/\/www.toque-musicall.com\/?p=924","title":{"rendered":"Altamiro Carrilho E Sua Bandinha Na TV (1957)"},"content":{"rendered":"<p><a href=\"http:\/\/4.bp.blogspot.com\/_DSKVEvHtskc\/S4UX_-GJmnI\/AAAAAAAAGPQ\/E4qrtxV9ARg\/s1600-h\/altamiro+carrilho+P.JPG\"><img decoding=\"async\" style=\"TEXT-ALIGN: center; MARGIN: 0px auto 10px; WIDTH: 400px; DISPLAY: block; HEIGHT: 392px; CURSOR: hand\" id=\"BLOGGER_PHOTO_ID_5441782112515103346\" border=\"0\" alt=\"\" src=\"http:\/\/4.bp.blogspot.com\/_DSKVEvHtskc\/S4UX_-GJmnI\/AAAAAAAAGPQ\/E4qrtxV9ARg\/s400\/altamiro+carrilho+P.JPG\" \/><\/a>Nossa postagem de hoje \u00e9 dedicada \u00e0s bandinhas de coreto de todo o Brasil. Quem nunca viveu a experi\u00eancia da m\u00fasica ao vivo, tocada na pra\u00e7a por uma bandinha, n\u00e3o sabe como isso \u00e9 encantador e divertido. Esse tipo de manifesta\u00e7\u00e3o musical h\u00e1 muito j\u00e1 perdeu seu lugar. Poucas e antigas pra\u00e7as e parques ainda conservam seus coretos e \u00e9 nelas que ecoam os sons de velhas marchinhas, dobrados, choros, valsinhas e todo tipo de m\u00fasica tocada por um grupo, geralmente de m\u00fasicos amadores. Hoje em dia as bandinhas viraram raridades.<br \/>Raridade tamb\u00e9m \u00e9 este disco do flautista Altamiro Carrilho. Logo que a televis\u00e3o se tornou uma realidade no Brasil, ele foi contratado pela TV Tupi para fazer parte da programa\u00e7\u00e3o. Liderou com seu conjunto um programa em hor\u00e1rio nobre se tornando ainda mais conhecido do grande p\u00fablico. \u00c9 exatamente desse per\u00edodo as grava\u00e7\u00f5es do presente lp, lan\u00e7ado em 1957 pelo selo do caramujo, a Copacabana, que pelo grande sucesso teria ainda um segundo volume no ano seguinte. Uma saudosa viagem ao universo musical do que eu me referi na introdu\u00e7\u00e3o. M\u00fasica de coreto, m\u00fasica para o povo! S\u00e3o quatorze faixas por onde desfilam alguns dos temas mais tradicionais do repert\u00f3rio de bandas. Na foto da capa podemos ver Altamiro e sua bandinha sobre um coreto cenogr\u00e1fico, em a\u00e7\u00e3o no programa da TV Tupi. Observem, temos no canto esquerdo a figura de Sivuca tirando quase de ouvido os solos em seu acordeon. Bacana, n\u00e9? Confiram o toque feito para se ouvir tamb\u00e9m com outros olhos. \ud83d\ude09<\/p>\n<div align=\"center\">avante camaradas<\/div>\n<div align=\"center\">tico tico no fub\u00e1<\/div>\n<div align=\"center\">sobre as ondas<\/div>\n<div align=\"center\">marchinha do grande galo<\/div>\n<div align=\"center\">fita amarela<\/div>\n<div align=\"center\">flor amorosa<\/div>\n<div align=\"center\">marcha do centen\u00e1rio<\/div>\n<div align=\"center\">s\u00e3o paulo quatrocent\u00e3o<\/div>\n<div align=\"center\">flor do abacate<\/div>\n<div align=\"center\">branca<\/div>\n<div align=\"center\">dorinha meu amor<\/div>\n<div align=\"center\">lig lig lig l\u00e9<\/div>\n<div align=\"center\">kananga do jap\u00e3o<\/div>\n<div align=\"center\">vassourinha<\/div>\n<div align=\"center\"> <\/div>\n<div align=\"center\"> <\/div>\n","protected":false},"excerpt":{"rendered":"<p>Nossa postagem de hoje \u00e9 dedicada \u00e0s bandinhas de coreto de todo o Brasil. Quem nunca viveu a experi\u00eancia da m\u00fasica ao vivo, tocada na pra\u00e7a por uma bandinha, n\u00e3o sabe como isso \u00e9 encantador e divertido. Esse tipo de &hellip; <a href=\"https:\/\/www.toque-musicall.com\/?p=924\">Continue lendo <span class=\"meta-nav\">&rarr;<\/span><\/a><\/p>\n","protected":false},"author":1,"featured_media":0,"comment_status":"open","ping_status":"closed","sticky":false,"template":"","format":"standard","meta":{"footnotes":""},"categories":[213],"tags":[],"class_list":["post-924","post","type-post","status-publish","format-standard","hentry","category-altamiro-carrilho"],"_links":{"self":[{"href":"https:\/\/www.toque-musicall.com\/index.php?rest_route=\/wp\/v2\/posts\/924","targetHints":{"allow":["GET"]}}],"collection":[{"href":"https:\/\/www.toque-musicall.com\/index.php?rest_route=\/wp\/v2\/posts"}],"about":[{"href":"https:\/\/www.toque-musicall.com\/index.php?rest_route=\/wp\/v2\/types\/post"}],"author":[{"embeddable":true,"href":"https:\/\/www.toque-musicall.com\/index.php?rest_route=\/wp\/v2\/users\/1"}],"replies":[{"embeddable":true,"href":"https:\/\/www.toque-musicall.com\/index.php?rest_route=%2Fwp%2Fv2%2Fcomments&post=924"}],"version-history":[{"count":0,"href":"https:\/\/www.toque-musicall.com\/index.php?rest_route=\/wp\/v2\/posts\/924\/revisions"}],"wp:attachment":[{"href":"https:\/\/www.toque-musicall.com\/index.php?rest_route=%2Fwp%2Fv2%2Fmedia&parent=924"}],"wp:term":[{"taxonomy":"category","embeddable":true,"href":"https:\/\/www.toque-musicall.com\/index.php?rest_route=%2Fwp%2Fv2%2Fcategories&post=924"},{"taxonomy":"post_tag","embeddable":true,"href":"https:\/\/www.toque-musicall.com\/index.php?rest_route=%2Fwp%2Fv2%2Ftags&post=924"}],"curies":[{"name":"wp","href":"https:\/\/api.w.org\/{rel}","templated":true}]}}