{"id":9241,"date":"2022-02-24T15:42:00","date_gmt":"2022-02-24T18:42:00","guid":{"rendered":"https:\/\/www.toque-musicall.com\/?p=9241"},"modified":"2022-03-01T09:13:23","modified_gmt":"2022-03-01T12:13:23","slug":"os-grandes-sucessos-dos-velhos-carnavais-1986-%ef%bf%bc%ef%bf%bc","status":"publish","type":"post","link":"https:\/\/www.toque-musicall.com\/?p=9241","title":{"rendered":"Os Grandes Sucessos Dos Velhos Carnavais (1986)"},"content":{"rendered":"\n<figure class=\"wp-block-image size-large\"><img decoding=\"async\" src=\"https:\/\/blogger.googleusercontent.com\/img\/a\/AVvXsEjiQPzn-BcByaXyWAtYuKC4NvGG26-yFMXGzQN6IIYsD58IMfyXbpaLIj27ZZTA4QUKMU0Tr05z215SJ87JgLMqo_uYi-M_eZRCzJICYr75Uh4HYC0wcGeSfZnLCVWXMr0H0WxF1Ie5VPaP-XY1vZ5MlpHvL5Dv7aY_1H6AkwWBtsqEvFCFsSy4ob9-4w=w640-h640\" alt=\"\"\/><\/figure>\n\n\n\n<figure class=\"wp-block-image size-large\"><img decoding=\"async\" src=\"https:\/\/blogger.googleusercontent.com\/img\/a\/AVvXsEhnm0gEHb06XEnQ8PRWXHbhkCee6N5_16g5Xe55eIDkzOH7atbP4_lckLUw2fyAe8lV19DHtsxDDf5PMj-hJtyyi4kIuMmKwNb9J7UV1O8nVUmscS9qOxKKrD5go61kckNrhqbzKqS9EaHb37xZcl3Lv_v1c22bxfX9fGrKM0MBB3o9NbrXU48iqeawng=w636-h640\" alt=\"\"\/><\/figure>\n\n\n<div class=\"separator\">Boa tarde a todos, amigos cultos e ocultos! Ok, voc\u00eas venceram! \u00c9 carnaval e mesmo n\u00e3o tendo carnaval n\u00e3o vamos deixar a data passar assim, sem a nossa manifesta\u00e7\u00e3o musical. Dessa forma, aqui come\u00e7a a nossa festa. Vamos neste ano relembrar os velhos e cl\u00e1ssicos carnavais com seus sambas, suas marchas&#8230; Vamos trazendo algumas produ\u00e7\u00f5es da Moto Disco que foi uma editora especializada em grava\u00e7\u00f5es antigas, tal qual a Revivendo, que trouxe o relan\u00e7amento de muitos discos da fase dos 78 rpm. Atrav\u00e9s dessas editoras, grava\u00e7\u00f5es do passado que nunca tiveram uma reedi\u00e7\u00e3o, se tornaram acess\u00edveis a novas gera\u00e7\u00f5es atrav\u00e9s desses lps. Aqui temos este, &#8220;Os grandes sucessos dos velhos carnavais&#8221; que como anuncia o t\u00edtulo, re\u00fane doze sambas e marchas dos carnavais de 1935 a 45. Uma preciosidade que, por certo, deve tamb\u00e9m estar presente, muitas dessas m\u00fasicas em nossa s\u00e9rie exclusiva, a Grand Record Brazil. Mas isso faz pouca import\u00e2ncia, ou por outra, s\u00f3 refor\u00e7a nosso desejo carnavalesco. Assim, aqui vai nosso grito oficial de carnaval, na sala, longe de aglomera\u00e7\u00e3o. Amanh\u00e3 tem mais&#8230;<\/div>\n<div class=\"separator\">\u00a0<\/div>\n<div class=\"separator\">comprei uma fantasia de pierrot &#8211; francisco alves<\/div>\n<div class=\"separator\">pirata &#8211; dircinha baptista<\/div>\n<div class=\"separator\">bebida mulher e orgia &#8211; luiz barbosa<\/div>\n<div class=\"separator\">carioca &#8211; orlando silva<\/div>\n<div class=\"separator\">com\u00edcio da mangueira &#8211; carlos galhardo<\/div>\n<div class=\"separator\">linda mimi &#8211; mario reis<\/div>\n<div class=\"separator\">ingratid\u00e3o &#8211; aracy de almeida<\/div>\n<div class=\"separator\">a voz do povo &#8211; orlando silva<\/div>\n<div class=\"separator\">o trem atrasou &#8211; roberto paiva<\/div>\n<div class=\"separator\">crian\u00e7a toma ju\u00edzo &#8211; almirante<\/div>\n<div class=\"separator\">teu cabelo n\u00e3o nega &#8211; castro barbosa<\/div>\n<div class=\"separator\">est\u00e1 chegando a hora &#8211; carmen costa<\/div>\n<div>\u00a0<\/div>\n<div class=\"separator\">\u00a0<\/div>\n<div class=\"separator\">\u00a0<\/div>\n<div class=\"separator\">.<\/div>","protected":false},"excerpt":{"rendered":"<p>Boa tarde a todos, amigos cultos e ocultos! Ok, voc\u00eas venceram! \u00c9 carnaval e mesmo n\u00e3o tendo carnaval n\u00e3o vamos deixar a data passar assim, sem a nossa manifesta\u00e7\u00e3o musical. Dessa forma, aqui come\u00e7a a nossa festa. Vamos neste ano &hellip; <a href=\"https:\/\/www.toque-musicall.com\/?p=9241\">Continue lendo <span class=\"meta-nav\">&rarr;<\/span><\/a><\/p>\n","protected":false},"author":1,"featured_media":0,"comment_status":"closed","ping_status":"closed","sticky":false,"template":"","format":"standard","meta":{"footnotes":""},"categories":[263,64,815,1],"tags":[3458,3158,5010],"class_list":["post-9241","post","type-post","status-publish","format-standard","hentry","category-carnaval","category-coletanea","category-selo-moto-discos","category-sem-categoria","tag-carnaval","tag-coletanea","tag-selo-moto-discos"],"_links":{"self":[{"href":"https:\/\/www.toque-musicall.com\/index.php?rest_route=\/wp\/v2\/posts\/9241","targetHints":{"allow":["GET"]}}],"collection":[{"href":"https:\/\/www.toque-musicall.com\/index.php?rest_route=\/wp\/v2\/posts"}],"about":[{"href":"https:\/\/www.toque-musicall.com\/index.php?rest_route=\/wp\/v2\/types\/post"}],"author":[{"embeddable":true,"href":"https:\/\/www.toque-musicall.com\/index.php?rest_route=\/wp\/v2\/users\/1"}],"replies":[{"embeddable":true,"href":"https:\/\/www.toque-musicall.com\/index.php?rest_route=%2Fwp%2Fv2%2Fcomments&post=9241"}],"version-history":[{"count":3,"href":"https:\/\/www.toque-musicall.com\/index.php?rest_route=\/wp\/v2\/posts\/9241\/revisions"}],"predecessor-version":[{"id":9246,"href":"https:\/\/www.toque-musicall.com\/index.php?rest_route=\/wp\/v2\/posts\/9241\/revisions\/9246"}],"wp:attachment":[{"href":"https:\/\/www.toque-musicall.com\/index.php?rest_route=%2Fwp%2Fv2%2Fmedia&parent=9241"}],"wp:term":[{"taxonomy":"category","embeddable":true,"href":"https:\/\/www.toque-musicall.com\/index.php?rest_route=%2Fwp%2Fv2%2Fcategories&post=9241"},{"taxonomy":"post_tag","embeddable":true,"href":"https:\/\/www.toque-musicall.com\/index.php?rest_route=%2Fwp%2Fv2%2Ftags&post=9241"}],"curies":[{"name":"wp","href":"https:\/\/api.w.org\/{rel}","templated":true}]}}