{"id":9244,"date":"2022-02-26T07:46:00","date_gmt":"2022-02-26T10:46:00","guid":{"rendered":"https:\/\/www.toque-musicall.com\/?p=9244"},"modified":"2022-03-01T09:15:26","modified_gmt":"2022-03-01T12:15:26","slug":"os-grande-carnavais-do-passado-vol-1-1988","status":"publish","type":"post","link":"https:\/\/www.toque-musicall.com\/?p=9244","title":{"rendered":"Os Grande Carnavais do Passado Vol 1 (1988)"},"content":{"rendered":"\n<figure class=\"wp-block-image size-large\"><img decoding=\"async\" src=\"https:\/\/blogger.googleusercontent.com\/img\/a\/AVvXsEhQPig7_SULdNrBJW-UD9TiW6AOSSA487M2jl7RxzH520wQ8Ubccd7v3DqROyhRy3sRmoqds0dZVpQ4jQwUr6F_8X1VOENj0MbuEx8geCOtzeM4ZRFVYPFX8qpTq0OJPm2ztmx6QAhdWXIKbtrVsiOS2_ruKaaxBzb0oAli3kr4H16dGPKArT1MX4R4mQ=w634-h640\" alt=\"\"\/><\/figure>\n\n\n\n<figure class=\"wp-block-image size-large\"><img decoding=\"async\" src=\"https:\/\/blogger.googleusercontent.com\/img\/a\/AVvXsEgLuFRHxEKu7t-9HCWGfYVFqeDm5sUgzejJU5n1Lc2jNvKkz8gUsicLf54-Wwtyv9wlop5I2gslgkPYX6QDCf1O1gQCgC4pquvEXwKzaJqx_uivPTHgNd9IGeUf4U4XTdj44OQgjD6YvzZy5gnqBJ3q0JZATqwPhJy_b_uyWnP6BhQzcqn-8ThWjo57Sw=w640-h640\" alt=\"\"\/><\/figure>\n\n\n<div class=\"separator\">Bom dia, foli\u00f5es, amigos cultos e ocultos! Essa sele\u00e7\u00e3o de sambas e marchas antigos, em discos de 78 rpm caiu como uma luva para esses dias de carnaval sem carnaval. Quando n\u00e3o se pode fazer festa, o melhor mesmo \u00e9 reviver os carnavais antigos, relembrar como er\u00e1mos felizes e n\u00e3o sab\u00edamos.\u00a0<\/div>\n<div class=\"separator\">Na nossa sequencia, continuaremos investindo nas grava\u00e7\u00f5es antigas, nos velhos sucessos que ficaram nos discos de 78 rpm e para tanto, vamos postando aqui outra s\u00e9rie lan\u00e7ada em 1988 pela Moto Discos, reunindo grava\u00e7\u00f5es da Odeon dos anos 30 e 40. S\u00e3o tr\u00eas volumes e iremos publicando os outros dois nos pr\u00f3ximos dias, para n\u00e3o deixarmos o sal\u00e3o e a avenida individual de todos n\u00f3s vazios frente a pandemia. Vamos nos guardando, ano que vem tem&#8230; de verdade \ud83d\ude42<\/div>\n<div class=\"separator\">\u00a0<\/div>\n<div class=\"separator\">l\u00e1 vem ela &#8211; jararaca<\/div>\n<div class=\"separator\">izaura &#8211; francisco alves<\/div>\n<div class=\"separator\">rei dos reis &#8211; alcides gerardi<\/div>\n<div class=\"separator\">na casa do seu thomaz &#8211; dircinha batista<\/div>\n<div class=\"separator\">primeira escola &#8211; joel e gaucho<\/div>\n<div class=\"separator\">cala boca &#8211; aracy de almeida<\/div>\n<div class=\"separator\">o cantor do galo &#8211; almirante<\/div>\n<div class=\"separator\">o primeiro beijo &#8211; jayme brito<\/div>\n<div class=\"separator\">p\u00f3 de mico &#8211; j. b. de carvalho<\/div>\n<div class=\"separator\">eu sonhei &#8211; silvio caldas<\/div>\n<div class=\"separator\">o tempo passa &#8211; aurora miranda e jo\u00e3o petra<\/div>\n<div class=\"separator\">teu sorriso tem &#8211; silvio caldas<\/div>\n<div class=\"separator\">\u00a0<\/div>\n<div class=\"separator\">\u00a0<\/div>\n<div class=\"separator\">.<\/div>","protected":false},"excerpt":{"rendered":"<p>Bom dia, foli\u00f5es, amigos cultos e ocultos! Essa sele\u00e7\u00e3o de sambas e marchas antigos, em discos de 78 rpm caiu como uma luva para esses dias de carnaval sem carnaval. Quando n\u00e3o se pode fazer festa, o melhor mesmo \u00e9 &hellip; <a href=\"https:\/\/www.toque-musicall.com\/?p=9244\">Continue lendo <span class=\"meta-nav\">&rarr;<\/span><\/a><\/p>\n","protected":false},"author":1,"featured_media":0,"comment_status":"closed","ping_status":"closed","sticky":false,"template":"","format":"standard","meta":{"footnotes":""},"categories":[263,64,3638,1],"tags":[3458,3158,3639],"class_list":["post-9244","post","type-post","status-publish","format-standard","hentry","category-carnaval","category-coletanea","category-selo-emi","category-sem-categoria","tag-carnaval","tag-coletanea","tag-selo-emi"],"_links":{"self":[{"href":"https:\/\/www.toque-musicall.com\/index.php?rest_route=\/wp\/v2\/posts\/9244","targetHints":{"allow":["GET"]}}],"collection":[{"href":"https:\/\/www.toque-musicall.com\/index.php?rest_route=\/wp\/v2\/posts"}],"about":[{"href":"https:\/\/www.toque-musicall.com\/index.php?rest_route=\/wp\/v2\/types\/post"}],"author":[{"embeddable":true,"href":"https:\/\/www.toque-musicall.com\/index.php?rest_route=\/wp\/v2\/users\/1"}],"replies":[{"embeddable":true,"href":"https:\/\/www.toque-musicall.com\/index.php?rest_route=%2Fwp%2Fv2%2Fcomments&post=9244"}],"version-history":[{"count":1,"href":"https:\/\/www.toque-musicall.com\/index.php?rest_route=\/wp\/v2\/posts\/9244\/revisions"}],"predecessor-version":[{"id":9247,"href":"https:\/\/www.toque-musicall.com\/index.php?rest_route=\/wp\/v2\/posts\/9244\/revisions\/9247"}],"wp:attachment":[{"href":"https:\/\/www.toque-musicall.com\/index.php?rest_route=%2Fwp%2Fv2%2Fmedia&parent=9244"}],"wp:term":[{"taxonomy":"category","embeddable":true,"href":"https:\/\/www.toque-musicall.com\/index.php?rest_route=%2Fwp%2Fv2%2Fcategories&post=9244"},{"taxonomy":"post_tag","embeddable":true,"href":"https:\/\/www.toque-musicall.com\/index.php?rest_route=%2Fwp%2Fv2%2Ftags&post=9244"}],"curies":[{"name":"wp","href":"https:\/\/api.w.org\/{rel}","templated":true}]}}