{"id":9251,"date":"2022-02-27T09:06:00","date_gmt":"2022-02-27T12:06:00","guid":{"rendered":"https:\/\/www.toque-musicall.com\/?p=9251"},"modified":"2022-03-01T09:16:21","modified_gmt":"2022-03-01T12:16:21","slug":"os-grande-carnavais-do-passado-vol-2-1988","status":"publish","type":"post","link":"https:\/\/www.toque-musicall.com\/?p=9251","title":{"rendered":"Os Grande Carnavais do Passado Vol 2 (1988)"},"content":{"rendered":"\n<figure class=\"wp-block-image size-large\"><img decoding=\"async\" src=\"https:\/\/blogger.googleusercontent.com\/img\/a\/AVvXsEjGh4W7CwmHZwU8aI5I9qz-4t9LTpQTuwCeItt4cLnW066MEuBZdpwD2wrR8o6q4moLXK75crWKSFS4kuDMjwiUYSZIdWj5oUlKhkBzcvAkKoxg9i1ku6TBJZ5pKyuXGXWrNlJhqq6_4oROmVJDmdVOoZem55nfZ4eUxl1QRCxNc3Nc1GpzaWISm4l4pA=w640-h636\" alt=\"\"\/><\/figure>\n\n\n\n<figure class=\"wp-block-image size-large\"><img decoding=\"async\" src=\"https:\/\/blogger.googleusercontent.com\/img\/a\/AVvXsEhdteUbvL9uuZGIQrB7_pzXorGE_3djejfpXhxfZTbYJ_sOcLJnyyEcziRsKbp_T7kOvUljOC6zZoEbqPun2eTibaDbnkwJQgJXQkJJ_9M4mTqmBU8-BTgeTHoQrVup1tPiGZ3GreIkmWF92deAM7pIc9V50JD2Z6KGZXtcJX_JaQcvAFON6RkYo21D1A=w638-h640\" alt=\"\"\/><\/figure>\n\n\n<div class=\"separator\">Salve, salve&#8230; amigos cultos e ocultos! Vamos aqui nos iludindo, buscando a felicidade, comemorando n\u00e3o sei o qu\u00ea, mas vamos&#8230; vamos em frente, pois se tirar essa alegria a gente chora. No fundo, o que a gente quer mesmo \u00e9 esquecer os sofrimentos, as trag\u00e9dias que n\u00f3s mesmos nos impusemos. Uma pausa para a pandemia e tamb\u00e9m para a guerra que \u00e9 outra, j\u00e1 pipocando por a\u00ed. Mundo fodido esse em que vivemos&#8230; nos amamos e nos odiamos tanto que o melhor mesmo \u00e9 viver na ilus\u00e3o&#8230; Vixiii&#8230; l\u00e1 vem eu com as crises existencialistas&#8230; Esque\u00e7am&#8230; Melhor ouvirmos as marchinhas e sambas dos velhos carnavais. Aqui mais um pouco das duas d\u00e9cadas de folia, os anos 30 e 40, em discos lan\u00e7ados originalmente pela Odeon.<\/div>\n<div class=\"separator\">\u00a0<\/div>\n<div class=\"separator\">maria rosa &#8211; francisco alves<\/div>\n<div class=\"separator\">voc\u00ea n\u00e3o \u00e9 &#8211; carlos galhardo<\/div>\n<div class=\"separator\">abre alas &#8211; jayme brito<\/div>\n<div class=\"separator\">seja o que deus quiser &#8211; nuno roland<\/div>\n<div class=\"separator\">flauta de bambu &#8211; jararaca<\/div>\n<div class=\"separator\">\u00e9 o que ele quer &#8211; dircinha batista<\/div>\n<div class=\"separator\">quando eu for bem velhinho &#8211; newton teixeira<\/div>\n<div class=\"separator\">partiu para onde eu n\u00e3o sei &#8211; j. b. de carvalho<\/div>\n<div class=\"separator\">acredite quem quiser\u00a0 dircinha batista<\/div>\n<div class=\"separator\">\u00e9 isso que ela quer &#8211; joel e ga\u00facho<\/div>\n<div class=\"separator\">seu gaspar &#8211; silvio caldas<\/div>\n<div class=\"separator\">ela &#8211; francisco alves<\/div>\n<div class=\"separator\">\u00a0<\/div>\n<div class=\"separator\">.<\/div>","protected":false},"excerpt":{"rendered":"<p>Salve, salve&#8230; amigos cultos e ocultos! Vamos aqui nos iludindo, buscando a felicidade, comemorando n\u00e3o sei o qu\u00ea, mas vamos&#8230; vamos em frente, pois se tirar essa alegria a gente chora. No fundo, o que a gente quer mesmo \u00e9 &hellip; <a href=\"https:\/\/www.toque-musicall.com\/?p=9251\">Continue lendo <span class=\"meta-nav\">&rarr;<\/span><\/a><\/p>\n","protected":false},"author":1,"featured_media":0,"comment_status":"closed","ping_status":"closed","sticky":false,"template":"","format":"standard","meta":{"footnotes":""},"categories":[263,64,3638,1],"tags":[3458,3158,3639],"class_list":["post-9251","post","type-post","status-publish","format-standard","hentry","category-carnaval","category-coletanea","category-selo-emi","category-sem-categoria","tag-carnaval","tag-coletanea","tag-selo-emi"],"_links":{"self":[{"href":"https:\/\/www.toque-musicall.com\/index.php?rest_route=\/wp\/v2\/posts\/9251","targetHints":{"allow":["GET"]}}],"collection":[{"href":"https:\/\/www.toque-musicall.com\/index.php?rest_route=\/wp\/v2\/posts"}],"about":[{"href":"https:\/\/www.toque-musicall.com\/index.php?rest_route=\/wp\/v2\/types\/post"}],"author":[{"embeddable":true,"href":"https:\/\/www.toque-musicall.com\/index.php?rest_route=\/wp\/v2\/users\/1"}],"replies":[{"embeddable":true,"href":"https:\/\/www.toque-musicall.com\/index.php?rest_route=%2Fwp%2Fv2%2Fcomments&post=9251"}],"version-history":[{"count":1,"href":"https:\/\/www.toque-musicall.com\/index.php?rest_route=\/wp\/v2\/posts\/9251\/revisions"}],"predecessor-version":[{"id":9252,"href":"https:\/\/www.toque-musicall.com\/index.php?rest_route=\/wp\/v2\/posts\/9251\/revisions\/9252"}],"wp:attachment":[{"href":"https:\/\/www.toque-musicall.com\/index.php?rest_route=%2Fwp%2Fv2%2Fmedia&parent=9251"}],"wp:term":[{"taxonomy":"category","embeddable":true,"href":"https:\/\/www.toque-musicall.com\/index.php?rest_route=%2Fwp%2Fv2%2Fcategories&post=9251"},{"taxonomy":"post_tag","embeddable":true,"href":"https:\/\/www.toque-musicall.com\/index.php?rest_route=%2Fwp%2Fv2%2Ftags&post=9251"}],"curies":[{"name":"wp","href":"https:\/\/api.w.org\/{rel}","templated":true}]}}