{"id":926,"date":"2010-02-21T22:09:00","date_gmt":"2010-02-21T22:09:00","guid":{"rendered":"http:\/\/www.toque-musicall.com\/?p=926"},"modified":"2010-02-21T22:09:00","modified_gmt":"2010-02-21T22:09:00","slug":"sylvia-telles-the-music-of-mr-jobim-by-sylvia-telles-1965","status":"publish","type":"post","link":"https:\/\/www.toque-musicall.com\/?p=926","title":{"rendered":"Sylvia Telles &#8211; The Music Of Mr Jobim By Sylvia Telles (1965)"},"content":{"rendered":"<p><a href=\"http:\/\/2.bp.blogspot.com\/_DSKVEvHtskc\/S4GvXMQ-77I\/AAAAAAAAGOQ\/w-Ylo6ZzGcE\/s1600-h\/sylvia+telles+P.JPG\"><img decoding=\"async\" style=\"TEXT-ALIGN: center; MARGIN: 0px auto 10px; WIDTH: 400px; DISPLAY: block; HEIGHT: 399px; CURSOR: hand\" id=\"BLOGGER_PHOTO_ID_5440822637804580786\" border=\"0\" alt=\"\" src=\"http:\/\/2.bp.blogspot.com\/_DSKVEvHtskc\/S4GvXMQ-77I\/AAAAAAAAGOQ\/w-Ylo6ZzGcE\/s400\/sylvia+telles+P.JPG\" \/><\/a>Ufa! Finalmente uma pausa! Um momento neste meu domingo agitado para a nossa postagem do dia. E tem que ser corrido, pois o social n\u00e3o acabou. Tenho ainda um anivers\u00e1rio, o qual n\u00e3o posso faltar. Vamos ent\u00e3o ao que interessa&#8230;<br \/>Ontem eu comentei que estava na d\u00favida, sem saber o que escolher para a postagem do dia. Falei das op\u00e7\u00f5es de Paulinho Nogueira e Sergio Mendes e pensei que algu\u00e9m fosse se manifestar pedindo para post\u00e1-los hoje, ou em seguida. Como n\u00e3o houve coment\u00e1rios nesse sentido, resolvi escolher outra coisa. H\u00e1 tempos eu venho querendo postar este disco da Sylvia Telles, assim sendo o farei hoje. &#8220;The Music of Mr. Jobim by Sylvia Telles&#8221; \u00e9 um disco bem legal. Uma produ\u00e7\u00e3o da Elenco, feita de encomenda para o mercado americano, a pedido da Kapp Records. Na \u00e9poca Sylvia estava casada com Aloysio de Oliveria, o produtor e dono da Elenco. Ela j\u00e1 havia gravado no ano anterior para a mesma Kapp Records o \u00e1lbum &#8220;The face I love&#8221;, o qual nunca chegou a ser editado no Brasil. No presente lp temos uma sele\u00e7\u00e3o de composi\u00e7\u00f5es de Tom Jobim e parcerias, em sua maioria vers\u00f5es em ingl\u00eas, as quais foram tamb\u00e9m intepretadas com sucesso por artistas americanos e tamb\u00e9m por Astrud Gilberto e o pr\u00f3prio Tom. Sylvia, mais uma vez est\u00e1 \u00f3tima. Sua voz j\u00e1 se fazia ouvida na Am\u00e9rica e na Europa. Teria alcan\u00e7ado v\u00f4os ainda maiores, n\u00e3o fosse o tr\u00e1gico acidente que a vitimou no ano seguinte. Um grande perda&#8230;<\/p>\n<div align=\"center\">useless landscape<\/div>\n<div align=\"center\">dreamer<\/div>\n<div align=\"center\">samba torto<\/div>\n<div align=\"center\">once i loved<\/div>\n<div align=\"center\">and roses and roses<\/div>\n<div align=\"center\">eu preciso de voc\u00ea<\/div>\n<div align=\"center\">all that&#8217;s left is to say goodbye <\/div>\n<div align=\"center\">one note samba<\/div>\n<div align=\"center\">quiet nights<\/div>\n<div align=\"center\">bonita<\/div>\n<div align=\"center\">dindi<\/div>\n<div align=\"center\">how insensitive<\/div>\n<div align=\"center\"> <\/div>\n<div align=\"center\"> <\/div>\n","protected":false},"excerpt":{"rendered":"<p>Ufa! Finalmente uma pausa! Um momento neste meu domingo agitado para a nossa postagem do dia. E tem que ser corrido, pois o social n\u00e3o acabou. Tenho ainda um anivers\u00e1rio, o qual n\u00e3o posso faltar. Vamos ent\u00e3o ao que interessa&#8230;Ontem &hellip; <a href=\"https:\/\/www.toque-musicall.com\/?p=926\">Continue lendo <span class=\"meta-nav\">&rarr;<\/span><\/a><\/p>\n","protected":false},"author":1,"featured_media":0,"comment_status":"open","ping_status":"closed","sticky":false,"template":"","format":"standard","meta":{"footnotes":""},"categories":[287],"tags":[],"class_list":["post-926","post","type-post","status-publish","format-standard","hentry","category-sylvia-telles"],"_links":{"self":[{"href":"https:\/\/www.toque-musicall.com\/index.php?rest_route=\/wp\/v2\/posts\/926","targetHints":{"allow":["GET"]}}],"collection":[{"href":"https:\/\/www.toque-musicall.com\/index.php?rest_route=\/wp\/v2\/posts"}],"about":[{"href":"https:\/\/www.toque-musicall.com\/index.php?rest_route=\/wp\/v2\/types\/post"}],"author":[{"embeddable":true,"href":"https:\/\/www.toque-musicall.com\/index.php?rest_route=\/wp\/v2\/users\/1"}],"replies":[{"embeddable":true,"href":"https:\/\/www.toque-musicall.com\/index.php?rest_route=%2Fwp%2Fv2%2Fcomments&post=926"}],"version-history":[{"count":0,"href":"https:\/\/www.toque-musicall.com\/index.php?rest_route=\/wp\/v2\/posts\/926\/revisions"}],"wp:attachment":[{"href":"https:\/\/www.toque-musicall.com\/index.php?rest_route=%2Fwp%2Fv2%2Fmedia&parent=926"}],"wp:term":[{"taxonomy":"category","embeddable":true,"href":"https:\/\/www.toque-musicall.com\/index.php?rest_route=%2Fwp%2Fv2%2Fcategories&post=926"},{"taxonomy":"post_tag","embeddable":true,"href":"https:\/\/www.toque-musicall.com\/index.php?rest_route=%2Fwp%2Fv2%2Ftags&post=926"}],"curies":[{"name":"wp","href":"https:\/\/api.w.org\/{rel}","templated":true}]}}