{"id":9262,"date":"2022-03-02T23:13:00","date_gmt":"2022-03-03T02:13:00","guid":{"rendered":"https:\/\/www.toque-musicall.com\/?p=9262"},"modified":"2022-03-20T11:12:30","modified_gmt":"2022-03-20T14:12:30","slug":"helio-matheus-matheus-segundo-matheus-1975","status":"publish","type":"post","link":"https:\/\/www.toque-musicall.com\/?p=9262","title":{"rendered":"Helio Matheus &#8211; Matheus Segundo Matheus (1975)"},"content":{"rendered":"\n<figure class=\"wp-block-image size-large\"><img decoding=\"async\" src=\"https:\/\/blogger.googleusercontent.com\/img\/a\/AVvXsEgaTTYmPEUnCbNuQjHNxO7bCHM1Yi3RMIG3LZd4PAdf1mqK_JBmm9u1Moe-iPqvARIqP2w7CkvRrr-wjSgQDQZSZqWfOlJh_EyxwAn5cCuv6V0x3Zyx1m7Tn7OU6pzykJw0tlHPTgtgevFvWtKYcaDTiH_RwqzKKCjeu2YxHcuMogSSfdyl1yv7VxN8nQ=w634-h640\" alt=\"\"\/><\/figure>\n\n\n\n<figure class=\"wp-block-image size-large\"><img decoding=\"async\" src=\"https:\/\/blogger.googleusercontent.com\/img\/a\/AVvXsEh3ycNgnnXv2swY-k9zHAX6IxoMudHlP2yjdN8aOFnMgDf_wk-bZzqbRRDQMRtButHtiA0m0V-iOSg0HL9xJdEIoXCo6RaTRoHonpSmA1WT3qcZEaYjFldK97oXsDXdQ6FW9VhJYYc7a_kVYqLwP5u_grq3p8ZdZZxXUhV2F_A8GsfmTd2NbwfUpqpodw=w640-h628\" alt=\"\"\/><\/figure>\n\n\n<div class=\"separator\">Fala ae&#8230; amigos cultos e ocultos! Depois do carnaval, me perdi completamente com tantos outros afazeres. \u00c9 aquela velha hist\u00f3ria da falta de tempo. Sim, estou sem tempo at\u00e9 para ouvir m\u00fasica. Mas n\u00e3o posso deixar a coisa se acumular, assim, o jeito \u00e9 recorrer aos velhos &#8216;arquivos de gaveta&#8217;, aquilo que recebo de voc\u00eas e guardo exatamente para esses momentos.<\/div>\n<div class=\"separator\">Ent\u00e3o, temos aqui o H\u00e9lio Matheus, cantor e compositor carioca em seu primeiro lp, &#8220;Matheus Segundo Matheus&#8221;, que pelo t\u00edtulo tem-se a impress\u00e3o de que este foi seu segundo disco, mas creio que isso se deve ao fato de que antes ele j\u00e1 havia lan\u00e7ado um compacto, em 1969. H\u00e9lio Matheus come\u00e7ou a carreira tocando em boates do Rio e S\u00e3o Paulo. Sua m\u00fasica foi gravada por diversos artistas e inicialmente por Vanusa que defendeu no FIC, de 1969, seu primeiro sucesso, &#8220;Comunica\u00e7\u00e3o&#8221;, tamb\u00e9m gravada por Elis Regina. Ao longo de sua carreira gravou apenas tr\u00eas discos, mas sempre se dedicou a compor para diferentes artistas da MPB.\u00a0<\/div>\n<div class=\"separator\">Em &#8220;Matheus segundo Matheus ele veio muito bem assessorado, tendo um time de m\u00fasicos de peso, como a turma do Azymuth e Z\u00e9 Rodrix. Teve neste disco m\u00fasicas usadas como temas de novelas da Globo, o que lhe garantiu um certo sucesso. Sua m\u00fasica tem muita semelhan\u00e7a com a de outros artistas do chamado &#8216;samba-rock&#8217;, o swing de Luis Wagner, Wando e porque n\u00e3o dizer, at\u00e9 Jorge Ben. Faleceu em 2017, por conta de uma pneumonia. V\u00edtima do alcoolismo, passou seus \u00faltimos anos de vida em albergues e no Retiro dos Artistas.<\/div>\n<div class=\"separator\">\u00a0<\/div>\n<div class=\"separator\">marraio<\/div>\n<div class=\"separator\">mais kriola<\/div>\n<div class=\"separator\">cidadezinha<\/div>\n<div class=\"separator\">meu di\u00e1rio<\/div>\n<div class=\"separator\">comunica\u00e7\u00e3o\/camisa 10<\/div>\n<div class=\"separator\">briguenta<\/div>\n<div class=\"separator\">meu mundo de monstros e fantasias<\/div>\n<div class=\"separator\">voc\u00ea se foi<\/div>\n<div class=\"separator\">meu segredo<\/div>\n<div class=\"separator\">aus\u00eancia<\/div>\n<div class=\"separator\">\u00a0<\/div>\n<div class=\"separator\">\u00a0<\/div>\n<div class=\"separator\">.<\/div>","protected":false},"excerpt":{"rendered":"<p>Fala ae&#8230; amigos cultos e ocultos! Depois do carnaval, me perdi completamente com tantos outros afazeres. \u00c9 aquela velha hist\u00f3ria da falta de tempo. Sim, estou sem tempo at\u00e9 para ouvir m\u00fasica. Mas n\u00e3o posso deixar a coisa se acumular, &hellip; <a href=\"https:\/\/www.toque-musicall.com\/?p=9262\">Continue lendo <span class=\"meta-nav\">&rarr;<\/span><\/a><\/p>\n","protected":false},"author":1,"featured_media":0,"comment_status":"closed","ping_status":"closed","sticky":false,"template":"","format":"standard","meta":{"footnotes":""},"categories":[5013,70],"tags":[5014,3061],"class_list":["post-9262","post","type-post","status-publish","format-standard","hentry","category-helio-matheus","category-selo-rca-victor","tag-helio-matheus","tag-selo-rca-victor"],"_links":{"self":[{"href":"https:\/\/www.toque-musicall.com\/index.php?rest_route=\/wp\/v2\/posts\/9262","targetHints":{"allow":["GET"]}}],"collection":[{"href":"https:\/\/www.toque-musicall.com\/index.php?rest_route=\/wp\/v2\/posts"}],"about":[{"href":"https:\/\/www.toque-musicall.com\/index.php?rest_route=\/wp\/v2\/types\/post"}],"author":[{"embeddable":true,"href":"https:\/\/www.toque-musicall.com\/index.php?rest_route=\/wp\/v2\/users\/1"}],"replies":[{"embeddable":true,"href":"https:\/\/www.toque-musicall.com\/index.php?rest_route=%2Fwp%2Fv2%2Fcomments&post=9262"}],"version-history":[{"count":1,"href":"https:\/\/www.toque-musicall.com\/index.php?rest_route=\/wp\/v2\/posts\/9262\/revisions"}],"predecessor-version":[{"id":9263,"href":"https:\/\/www.toque-musicall.com\/index.php?rest_route=\/wp\/v2\/posts\/9262\/revisions\/9263"}],"wp:attachment":[{"href":"https:\/\/www.toque-musicall.com\/index.php?rest_route=%2Fwp%2Fv2%2Fmedia&parent=9262"}],"wp:term":[{"taxonomy":"category","embeddable":true,"href":"https:\/\/www.toque-musicall.com\/index.php?rest_route=%2Fwp%2Fv2%2Fcategories&post=9262"},{"taxonomy":"post_tag","embeddable":true,"href":"https:\/\/www.toque-musicall.com\/index.php?rest_route=%2Fwp%2Fv2%2Ftags&post=9262"}],"curies":[{"name":"wp","href":"https:\/\/api.w.org\/{rel}","templated":true}]}}