{"id":9264,"date":"2022-03-03T23:16:00","date_gmt":"2022-03-04T02:16:00","guid":{"rendered":"https:\/\/www.toque-musicall.com\/?p=9264"},"modified":"2022-03-20T11:13:46","modified_gmt":"2022-03-20T14:13:46","slug":"marcia-ronda-1977","status":"publish","type":"post","link":"https:\/\/www.toque-musicall.com\/?p=9264","title":{"rendered":"M\u00e1rcia &#8211; Ronda (1977)"},"content":{"rendered":"\n<figure class=\"wp-block-image size-large\"><img decoding=\"async\" src=\"https:\/\/blogger.googleusercontent.com\/img\/a\/AVvXsEgMCd7HgVhS8uZql64ExuschdWmh4JToUv9LGcrcZkdBr8gwgVQzeZ5F-JR1rh3oeCtRkrpWyUWehu0fauFRviE1mSbbr30lUnxHRRjbhgb5FLzVzPRb8ZiEgnZBKfQNhGeU7_T66J57S4XvPQ-YiPrcVm9ljiV6n9XZLgMpW7QwKcT8huUChL0IBEk0A=w638-h640\" alt=\"\"\/><\/figure>\n\n\n\n<figure class=\"wp-block-image size-large\"><img decoding=\"async\" src=\"https:\/\/blogger.googleusercontent.com\/img\/a\/AVvXsEiwx2gPi1ePg1yJrrTU9tr0SbLlkqFvlkaL1BPVUo6dU0GXk9NC857DUghG2F0CldDTIxkfkXGXFzKAWLk-0jPaEN_kAoGQ23BRUu7cmOkdLOKB2OXUC0jCrgiNH7sQf1hERi8J5M5Tl26N8nT_MPB1a5L1l1JJyAYzqhOKPPMRpytl-8NFaTa2QU7swA=w640-h640\" alt=\"\"\/><\/figure>\n\n\n<div class=\"separator\">Boa hora, amigos cultos e ocultos! Retomando aos poucos, vamos seguindo no atraso j\u00e1 de dez dias. Mas para n\u00e3o perder o formato de di\u00e1rio, seguem as postagens dentro de seu tempo\/data.<\/div>\n<div class=\"separator\">Aqui temos este maravilhoso disco da maravilhosa cantora M\u00e1rcia, que infelizmente at\u00e9 hoje n\u00e3o teve o reconhecimento que merece, embora tenha uma discografia impec\u00e1vel e cujo os repert\u00f3rios, em cada disco, seja admir\u00e1vel. Aqui temos &#8220;Ronda&#8221;, lp lan\u00e7ado em 1977, pela EMI-Odeon, um \u00e1lbum muito bem produzido e que contou com os arranjos, reg\u00eancias e orquestra\u00e7\u00f5es de mestres como Eduardo Gudin, Jos\u00e9 Briamonte, Th\u00e9o de Barros e Leo Perachi. Vem tamb\u00e9m acompanhada por um tima\u00e7o de m\u00fasicos que por certo merecem serem listados na contracapa. O repert\u00f3rio&#8230; ah, o repert\u00f3rio&#8230; que beleza! N\u00e3o vou nem entrar em detalhes, devido a pressa de por em dia as postagens, mas d\u00e1 logo pra ver estampada a sele\u00e7\u00e3o musical, nota 10!!! N\u00e3o deixem de conferir no GTM&#8230;.<\/div>\n<div class=\"separator\">\u00a0<\/div>\n<div class=\"separator\">chorei<\/div>\n<div class=\"separator\">avenida fechada<\/div>\n<div class=\"separator\">outra voc\u00ea n\u00e3o me faz<\/div>\n<div class=\"separator\">minha verdade<\/div>\n<div class=\"separator\">mesa farta<\/div>\n<div class=\"separator\">proezas do cora\u00e7\u00e3o<\/div>\n<div class=\"separator\">ronda<\/div>\n<div class=\"separator\">m\u00e1scara<\/div>\n<div class=\"separator\">cordas de a\u00e7o<\/div>\n<div class=\"separator\">eterno retorno<\/div>\n<div class=\"separator\">z\u00e9 mineiro<\/div>\n<div class=\"separator\">valsa maldita<\/div>\n<div class=\"separator\">\u00a0<\/div>\n<div class=\"separator\">\u00a0<\/div>\n<div class=\"separator\">.<\/div>\n<div class=\"separator\">\u00a0<\/div>\n<div class=\"separator\">\u00a0<\/div>","protected":false},"excerpt":{"rendered":"<p>Boa hora, amigos cultos e ocultos! Retomando aos poucos, vamos seguindo no atraso j\u00e1 de dez dias. Mas para n\u00e3o perder o formato de di\u00e1rio, seguem as postagens dentro de seu tempo\/data. Aqui temos este maravilhoso disco da maravilhosa cantora &hellip; <a href=\"https:\/\/www.toque-musicall.com\/?p=9264\">Continue lendo <span class=\"meta-nav\">&rarr;<\/span><\/a><\/p>\n","protected":false},"author":1,"featured_media":0,"comment_status":"closed","ping_status":"closed","sticky":false,"template":"","format":"standard","meta":{"footnotes":""},"categories":[491,4936,1],"tags":[3337,3680],"class_list":["post-9264","post","type-post","status-publish","format-standard","hentry","category-marcia","category-selo-emi-odeon-3","category-sem-categoria","tag-marcia","tag-selo-emi-odeon"],"_links":{"self":[{"href":"https:\/\/www.toque-musicall.com\/index.php?rest_route=\/wp\/v2\/posts\/9264","targetHints":{"allow":["GET"]}}],"collection":[{"href":"https:\/\/www.toque-musicall.com\/index.php?rest_route=\/wp\/v2\/posts"}],"about":[{"href":"https:\/\/www.toque-musicall.com\/index.php?rest_route=\/wp\/v2\/types\/post"}],"author":[{"embeddable":true,"href":"https:\/\/www.toque-musicall.com\/index.php?rest_route=\/wp\/v2\/users\/1"}],"replies":[{"embeddable":true,"href":"https:\/\/www.toque-musicall.com\/index.php?rest_route=%2Fwp%2Fv2%2Fcomments&post=9264"}],"version-history":[{"count":1,"href":"https:\/\/www.toque-musicall.com\/index.php?rest_route=\/wp\/v2\/posts\/9264\/revisions"}],"predecessor-version":[{"id":9265,"href":"https:\/\/www.toque-musicall.com\/index.php?rest_route=\/wp\/v2\/posts\/9264\/revisions\/9265"}],"wp:attachment":[{"href":"https:\/\/www.toque-musicall.com\/index.php?rest_route=%2Fwp%2Fv2%2Fmedia&parent=9264"}],"wp:term":[{"taxonomy":"category","embeddable":true,"href":"https:\/\/www.toque-musicall.com\/index.php?rest_route=%2Fwp%2Fv2%2Fcategories&post=9264"},{"taxonomy":"post_tag","embeddable":true,"href":"https:\/\/www.toque-musicall.com\/index.php?rest_route=%2Fwp%2Fv2%2Ftags&post=9264"}],"curies":[{"name":"wp","href":"https:\/\/api.w.org\/{rel}","templated":true}]}}