{"id":9270,"date":"2022-03-05T22:31:00","date_gmt":"2022-03-06T01:31:00","guid":{"rendered":"https:\/\/www.toque-musicall.com\/?p=9270"},"modified":"2022-03-20T12:19:26","modified_gmt":"2022-03-20T15:19:26","slug":"hector-costita-paracachum-1984-%ef%bf%bc","status":"publish","type":"post","link":"https:\/\/www.toque-musicall.com\/?p=9270","title":{"rendered":"Hector Costita &#8211; Paracach\u00fam (1984)"},"content":{"rendered":"\n<figure class=\"wp-block-image size-large\"><img decoding=\"async\" src=\"https:\/\/blogger.googleusercontent.com\/img\/b\/R29vZ2xl\/AVvXsEjbZsQxkys78ShoRnsP7hV-Qq_Ja1OtYwy3csiZldtgtK-F2mtTEUYYX4s0D_qTm9-p2dEWMUx1ldbsDcgFxOMnlSh6rpHrv-hyfX0pk68Yjsvz-lQ2Vi8ggvesO2FLLnrjuNKMOp5CwAH2d_bf3i3BJTcIvTx6-QoBpFxpQ1aj299-HWiFnvtq8qpV5g\/w636-h640\/Capturar.JPG\" alt=\"\"\/><\/figure>\n\n\n\n<figure class=\"wp-block-image size-large\"><img decoding=\"async\" src=\"https:\/\/blogger.googleusercontent.com\/img\/b\/R29vZ2xl\/AVvXsEiwl3rbHZmwZpxM8fPx2DgzGalPpecwHzBcrYC3_G1_eq_qBPN-r-Ml773lq-_yENOAwloS2VDmfqmpmq-4TSCj5A1I5-m_YHW-qCXwr-XgOihutYxeqRHQwYtW_1bJwpagVDek0FjgSyhHuwGzphw0QC1dwzbkijUn6eFfgzJoRnqMq6NiI9mr7J3MUQ\/w622-h640\/Capturarb.JPG\" alt=\"\"\/><\/figure>\n\n\n<div class=\"separator\">Bom dia, caros amigos cultos e ocultos! Como j\u00e1 havia comentado, precisei me afastar um pouco das nossas atividades por aqui. Acabei perdendo mesmo o controle e os dias se passaram aguardando novas postagens. Ent\u00e3o, para manter a sequ\u00eancia di\u00e1ria, estou fazendo as publica\u00e7\u00f5es para cobrir as datas que ficaram em aberto e logo mais voltar atualizado. Por\u00e9m, eu sei, isso pouca diferen\u00e7a faz para voc\u00eas, a final o que conta mesmo \u00e9 a concretiza\u00e7\u00e3o da coisa no nosso Grupo do Toque Musical, onde est\u00e3o os links para voc\u00eas baixarem os discos. Mas, enfim, seguimos&#8230;<\/div>\n<div class=\"separator\">Hoje nosso encontro \u00e9 com o brilhante Hector Costita, saxofonista e flautista, nascido na Argentina, mas que tem uma longa hist\u00f3ria com a m\u00fasica brasileira. Chegou ao Brasil no final dos anos 50 e passou a fazer parte do movimento bossanovista, sendo um dos m\u00fasicos fundamentais no desenvolvimento da bossa instrumental, ou o chamado, &#8216;samba-jazz&#8217;. Tocou em casas noturnas de S\u00e3o Paulo e Rio. Criou parceiros, amigos e ra\u00edzes no Brasil, onde passou a viver. Gravou tamb\u00e9m v\u00e1rios discos, assim como esteve presente em trabalhos de muitos outros artistas nacionais de peso.<\/div>\n<div class=\"separator\">Aqui temos dele &#8220;Paracachum&#8221;, lp gravado em 1984 e lan\u00e7ado pelo selo Som da Gente. Um disco totalmente autoral, tamb\u00e9m com arranjos, dire\u00e7\u00e3o e produ\u00e7\u00e3o dele pr\u00f3prio, oque lhe garantiu total liberdade de cria\u00e7\u00e3o. Trabalho muito bonito que d\u00e1 gosto de ouvir. S\u00e3o oito m\u00fasicas instrumentais onde ele manifesta bem as suas origens portenhas. Hector vem acompanhado por um seleto time de m\u00fasicos, argentinos e brasileiros, que garante a qualidade deste belo disco. Quem ainda n\u00e3o conhece, n\u00e3o pode perder a oportunidade. Confiram no GTM&#8230;.<\/div>\n<div class=\"separator\">\u00a0<\/div>\n<div class=\"separator\">paracach\u00fam<\/div>\n<div class=\"separator\">ariela<\/div>\n<div class=\"separator\">el bai\u00f3n<\/div>\n<div class=\"separator\">choro porte\u00f1o<\/div>\n<div class=\"separator\">la maja brasileira<\/div>\n<div class=\"separator\">a noite \u00e9 minha<\/div>\n<div class=\"separator\">est\u00e3o todos a\u00ed<\/div>\n<div class=\"separator\">de la tripa al viento<\/div>\n<div class=\"separator\">\u00a0<\/div>\n<div class=\"separator\">\u00a0<\/div>\n<div class=\"separator\">.<\/div>","protected":false},"excerpt":{"rendered":"<p>Bom dia, caros amigos cultos e ocultos! Como j\u00e1 havia comentado, precisei me afastar um pouco das nossas atividades por aqui. Acabei perdendo mesmo o controle e os dias se passaram aguardando novas postagens. Ent\u00e3o, para manter a sequ\u00eancia di\u00e1ria, &hellip; <a href=\"https:\/\/www.toque-musicall.com\/?p=9270\">Continue lendo <span class=\"meta-nav\">&rarr;<\/span><\/a><\/p>\n","protected":false},"author":1,"featured_media":0,"comment_status":"closed","ping_status":"closed","sticky":false,"template":"","format":"standard","meta":{"footnotes":""},"categories":[4399,1947,1],"tags":[4400,3283],"class_list":["post-9270","post","type-post","status-publish","format-standard","hentry","category-hector-costita","category-selo-som-da-gente","category-sem-categoria","tag-hector-costita","tag-selo-som-da-gente"],"_links":{"self":[{"href":"https:\/\/www.toque-musicall.com\/index.php?rest_route=\/wp\/v2\/posts\/9270","targetHints":{"allow":["GET"]}}],"collection":[{"href":"https:\/\/www.toque-musicall.com\/index.php?rest_route=\/wp\/v2\/posts"}],"about":[{"href":"https:\/\/www.toque-musicall.com\/index.php?rest_route=\/wp\/v2\/types\/post"}],"author":[{"embeddable":true,"href":"https:\/\/www.toque-musicall.com\/index.php?rest_route=\/wp\/v2\/users\/1"}],"replies":[{"embeddable":true,"href":"https:\/\/www.toque-musicall.com\/index.php?rest_route=%2Fwp%2Fv2%2Fcomments&post=9270"}],"version-history":[{"count":2,"href":"https:\/\/www.toque-musicall.com\/index.php?rest_route=\/wp\/v2\/posts\/9270\/revisions"}],"predecessor-version":[{"id":9282,"href":"https:\/\/www.toque-musicall.com\/index.php?rest_route=\/wp\/v2\/posts\/9270\/revisions\/9282"}],"wp:attachment":[{"href":"https:\/\/www.toque-musicall.com\/index.php?rest_route=%2Fwp%2Fv2%2Fmedia&parent=9270"}],"wp:term":[{"taxonomy":"category","embeddable":true,"href":"https:\/\/www.toque-musicall.com\/index.php?rest_route=%2Fwp%2Fv2%2Fcategories&post=9270"},{"taxonomy":"post_tag","embeddable":true,"href":"https:\/\/www.toque-musicall.com\/index.php?rest_route=%2Fwp%2Fv2%2Ftags&post=9270"}],"curies":[{"name":"wp","href":"https:\/\/api.w.org\/{rel}","templated":true}]}}