{"id":9275,"date":"2022-03-07T10:49:00","date_gmt":"2022-03-07T13:49:00","guid":{"rendered":"https:\/\/www.toque-musicall.com\/?p=9275"},"modified":"2022-03-20T11:16:27","modified_gmt":"2022-03-20T14:16:27","slug":"trio-paraense-vou-tentar-te-esquecer-1988","status":"publish","type":"post","link":"https:\/\/www.toque-musicall.com\/?p=9275","title":{"rendered":"Trio Paraense &#8211; Vou Tentar Te Esquecer (1988)"},"content":{"rendered":"\n<figure class=\"wp-block-image size-large\"><img decoding=\"async\" src=\"https:\/\/blogger.googleusercontent.com\/img\/b\/R29vZ2xl\/AVvXsEgFoT66LQc4fg_GKvHASKtmzqkYlemi5ltus6wulAp2Kk3uyrl6GBorE4oFX8NMpVNZp9Iq1-gVGObwSdFp3-Bqk5jAHRNHX_7LZIjzfeQL12DRYoIOdoj6DjJ_bum5T2imLEQ92_r-6KHoKkJGp2Ve9IZwzHrd5xVrTTkj8O3LQCCm4IKcVvYU-UEdkw\/w630-h640\/Capturar.JPG\" alt=\"\"\/><\/figure>\n\n\n\n<figure class=\"wp-block-image size-large\"><img decoding=\"async\" src=\"https:\/\/blogger.googleusercontent.com\/img\/b\/R29vZ2xl\/AVvXsEgcAeYvyhw4RSdYXTy1a8Qmu-sfTx6bjA1ASg7V4zadGhBn0e1J4b_n9mtcxEOV3qguDedwTCoXHGJWacOTZYuQ4Z_xsDIR_rF5Ax_3A45cpinTsLcqtpuLL4FI2Gy5OY48jiHVcSWcO977DZPfYWmHmkTD4srmHhET3z5UdPI8eCjV0cmmqvz3KFhSWA\/w640-h632\/Capturarb.JPG\" alt=\"\"\/><\/figure>\n\n\n<div class=\"separator\">Boa hora, caros amigos cultos e ocultos! Como vez por outra eu recebo e-mails de gente pedindo m\u00fasica sertaneja, vez por outra eu atendo. E nesse caso, trazendo a alegria para um grupo de pessoas l\u00e1 da cidade mineira de Par\u00e1 de Minas, que por tr\u00eas vezes me perguntou sobre este disco do Trio Paraense. Coincidentemente, eu vim a encontr\u00e1-lo h\u00e1 alguns anos atr\u00e1s, mas acabou ficando na gaveta, esperando a sua vez. E como dizem, toda araruta tem seu dia de mingau.<\/div>\n<div class=\"separator\">O Trio Paraense \u00e9 um grupo de m\u00fasica popular caipira vindo da cidade de Par\u00e1 de Minas. Para quem gosta do g\u00eanero, este disco tem um bom enredo. Mas, c\u00e1 pra n\u00f3s, o melhor mesmo \u00e9 a capa, a fotografia da capa, ela j\u00e1 diz tudo. E nessa, mais uma vez relembrando, aqui \u00e9 um lugar para se ouvir m\u00fasica com outros olhos. Guarde seu preconceito e seja feliz \ud83d\ude42<\/div>\n<div class=\"separator\">\u00a0<\/div>\n<div class=\"separator\">vou tentar te esquecer<\/div>\n<div class=\"separator\">doce tenta\u00e7\u00e3o<\/div>\n<div class=\"separator\">gaivota pantaneira<\/div>\n<div class=\"separator\">noite de sonho<\/div>\n<div class=\"separator\">gauchinha linda<\/div>\n<div class=\"separator\">saudade de algu\u00e9m<\/div>\n<div class=\"separator\">aquela toalha<\/div>\n<div class=\"separator\">peda\u00e7o de poema<\/div>\n<div class=\"separator\">saudade do sert\u00e3o<\/div>\n<div class=\"separator\">homenagem ao padre lib\u00e9rio<\/div>\n<div class=\"separator\">fim de namoro<\/div>\n<div class=\"separator\">o mendigo<\/div>\n<div class=\"separator\">\u00a0<\/div>\n<div class=\"separator\">\u00a0<\/div>\n<div class=\"separator\">.<\/div>","protected":false},"excerpt":{"rendered":"<p>Boa hora, caros amigos cultos e ocultos! Como vez por outra eu recebo e-mails de gente pedindo m\u00fasica sertaneja, vez por outra eu atendo. E nesse caso, trazendo a alegria para um grupo de pessoas l\u00e1 da cidade mineira de &hellip; <a href=\"https:\/\/www.toque-musicall.com\/?p=9275\">Continue lendo <span class=\"meta-nav\">&rarr;<\/span><\/a><\/p>\n","protected":false},"author":1,"featured_media":0,"comment_status":"closed","ping_status":"closed","sticky":false,"template":"","format":"standard","meta":{"footnotes":""},"categories":[25,1],"tags":[3017,5021],"class_list":["post-9275","post","type-post","status-publish","format-standard","hentry","category-selo-independente","category-sem-categoria","tag-selo-independente","tag-trio-paraense"],"_links":{"self":[{"href":"https:\/\/www.toque-musicall.com\/index.php?rest_route=\/wp\/v2\/posts\/9275","targetHints":{"allow":["GET"]}}],"collection":[{"href":"https:\/\/www.toque-musicall.com\/index.php?rest_route=\/wp\/v2\/posts"}],"about":[{"href":"https:\/\/www.toque-musicall.com\/index.php?rest_route=\/wp\/v2\/types\/post"}],"author":[{"embeddable":true,"href":"https:\/\/www.toque-musicall.com\/index.php?rest_route=\/wp\/v2\/users\/1"}],"replies":[{"embeddable":true,"href":"https:\/\/www.toque-musicall.com\/index.php?rest_route=%2Fwp%2Fv2%2Fcomments&post=9275"}],"version-history":[{"count":1,"href":"https:\/\/www.toque-musicall.com\/index.php?rest_route=\/wp\/v2\/posts\/9275\/revisions"}],"predecessor-version":[{"id":9276,"href":"https:\/\/www.toque-musicall.com\/index.php?rest_route=\/wp\/v2\/posts\/9275\/revisions\/9276"}],"wp:attachment":[{"href":"https:\/\/www.toque-musicall.com\/index.php?rest_route=%2Fwp%2Fv2%2Fmedia&parent=9275"}],"wp:term":[{"taxonomy":"category","embeddable":true,"href":"https:\/\/www.toque-musicall.com\/index.php?rest_route=%2Fwp%2Fv2%2Fcategories&post=9275"},{"taxonomy":"post_tag","embeddable":true,"href":"https:\/\/www.toque-musicall.com\/index.php?rest_route=%2Fwp%2Fv2%2Ftags&post=9275"}],"curies":[{"name":"wp","href":"https:\/\/api.w.org\/{rel}","templated":true}]}}